{"id":504,"date":"2008-09-15T12:30:18","date_gmt":"2008-09-15T17:30:18","guid":{"rendered":"http:\/\/www.seletlumieretv.org\/blogue\/?p=504"},"modified":"2008-09-15T17:12:25","modified_gmt":"2008-09-15T22:12:25","slug":"courageux-cardinal-turcotte","status":"publish","type":"post","link":"https:\/\/seletlumieretv.org\/blogue\/divers\/courageux-cardinal-turcotte","title":{"rendered":"Courageux Cardinal Turcotte"},"content":{"rendered":"<p>par Jasmin Lemieux-Lefebvre<\/p>\n<p>Je me devais d\u2019\u00e9crire quelques lignes, suite au barrage de critiques que l\u2019archev\u00eaque de Montr\u00e9al a d\u00fb essuyer cette fin de semaine. Le retour de sa m\u00e9daille de l\u2019Ordre du Canada juxtapos\u00e9 \u00e0 la d\u00e9cision de son dioc\u00e8se de donner une bourse d\u2019\u00e9tudes \u00e0 un pr\u00eatre ayant purg\u00e9 sa peine dans un cas de p\u00e9dophilie lui ont valu une charge bien en r\u00e8gle des \u00e9ditorialistes et caricaturistes.<\/p>\n<p>Quelle \u00e9preuve ce doit \u00eatre pour lui de voir cette affaire \u00e9clater au moment de la publication d\u2019un geste qui vise justement \u00e0 prot\u00e9ger les petits.<\/p>\n<p>On l\u2019accuse de banaliser la p\u00e9dophilie comme \u00ab une erreur de comportement \u00bb, alors qu\u2019il ne fait que r\u00e9p\u00e9ter le verdict d\u2019un centre de psychiatrie.<\/p>\n<p>Les \u00c9glises dioc\u00e9saines pourraient bien se passer des cas de p\u00e9dophilie chez ses pr\u00eatres.<br \/>\nIls nuisent terriblement \u00e0 leur image, mais elles se doivent d\u2019examiner cas par cas chacun d\u2019entre eux. Elles ne peuvent les jeter \u00e0 la poubelle. Plus de minist\u00e8re pastoral pour certains, porte de sortie de la pr\u00eatrise pour d\u2019autres; ce sont des d\u00e9cisions tr\u00e8s difficiles.<\/p>\n<p>La banalisation de cas de p\u00e9dophilie chez des pr\u00eatres a oui, bel et bien exist\u00e9 en notre \u00c9glise pendant trop longtemps. Je ne crois pas du tout que ce soit le cas ici. Prions pour nos \u00e9v\u00eaques en proie \u00e0 des jugements si difficiles, sans jamais oublier les victimes.<\/p>\n","protected":false},"excerpt":{"rendered":"<p>par Jasmin Lemieux-Lefebvre Je me devais d\u2019\u00e9crire quelques lignes, suite au barrage de critiques que l\u2019archev\u00eaque de Montr\u00e9al a d\u00fb essuyer cette fin de semaine. Le retour de sa m\u00e9daille de l\u2019Ordre du Canada juxtapos\u00e9 \u00e0 la d\u00e9cision de son dioc\u00e8se de donner une bourse d\u2019\u00e9tudes \u00e0 un pr\u00eatre ayant purg\u00e9 sa peine dans un [&hellip;]<\/p>\n","protected":false},"author":2,"featured_media":0,"comment_status":"open","ping_status":"open","sticky":false,"template":"","format":"standard","meta":{"_links_to":"","_links_to_target":""},"categories":[1],"tags":[],"_links":{"self":[{"href":"https:\/\/seletlumieretv.org\/blogue\/wp-json\/wp\/v2\/posts\/504"}],"collection":[{"href":"https:\/\/seletlumieretv.org\/blogue\/wp-json\/wp\/v2\/posts"}],"about":[{"href":"https:\/\/seletlumieretv.org\/blogue\/wp-json\/wp\/v2\/types\/post"}],"author":[{"embeddable":true,"href":"https:\/\/seletlumieretv.org\/blogue\/wp-json\/wp\/v2\/users\/2"}],"replies":[{"embeddable":true,"href":"https:\/\/seletlumieretv.org\/blogue\/wp-json\/wp\/v2\/comments?post=504"}],"version-history":[{"count":0,"href":"https:\/\/seletlumieretv.org\/blogue\/wp-json\/wp\/v2\/posts\/504\/revisions"}],"wp:attachment":[{"href":"https:\/\/seletlumieretv.org\/blogue\/wp-json\/wp\/v2\/media?parent=504"}],"wp:term":[{"taxonomy":"category","embeddable":true,"href":"https:\/\/seletlumieretv.org\/blogue\/wp-json\/wp\/v2\/categories?post=504"},{"taxonomy":"post_tag","embeddable":true,"href":"https:\/\/seletlumieretv.org\/blogue\/wp-json\/wp\/v2\/tags?post=504"}],"curies":[{"name":"wp","href":"https:\/\/api.w.org\/{rel}","templated":true}]}}