{"id":31258,"date":"2026-04-29T11:47:42","date_gmt":"2026-04-29T15:47:42","guid":{"rendered":"https:\/\/seletlumieretv.org\/blogue\/?p=31258"},"modified":"2026-04-29T11:47:42","modified_gmt":"2026-04-29T15:47:42","slug":"audience-generale-du-pape-leon-xiv-mercredi-29-avril-2026","status":"publish","type":"post","link":"https:\/\/seletlumieretv.org\/blogue\/voyages-apostoliques\/audience-generale-du-pape-leon-xiv-mercredi-29-avril-2026","title":{"rendered":"Audience G\u00e9n\u00e9rale du pape L\u00e9on XIV &#8211;  Mercredi 29 avril 2026"},"content":{"rendered":"<p><img loading=\"lazy\" class=\"alignnone wp-image-31259 size-full\" src=\"https:\/\/seletlumieretv.org\/blogue\/wp-content\/Pope-in-Africa-960-x-540.jpeg\" alt=\"\" width=\"960\" height=\"540\" srcset=\"https:\/\/seletlumieretv.org\/blogue\/wp-content\/Pope-in-Africa-960-x-540.jpeg 960w, https:\/\/seletlumieretv.org\/blogue\/wp-content\/Pope-in-Africa-960-x-540-300x169.jpeg 300w, https:\/\/seletlumieretv.org\/blogue\/wp-content\/Pope-in-Africa-960-x-540-768x432.jpeg 768w\" sizes=\"(max-width: 960px) 100vw, 960px\" \/><\/p>\n<h4>Lors de son audience g\u00e9n\u00e9rale hebdomadaire, le pape L\u00e9on XIV a \u00e9voqu\u00e9 son r\u00e9cent <a href=\"https:\/\/slmedia.org\/fr\/pape-en-afrique\" target=\"_blank\" rel=\"noopener\">voyage apostolique en Alg\u00e9rie, au Cameroun, en Angola et en Guin\u00e9e \u00e9quatoriale.<\/a> Il a d\u00e9clar\u00e9 : \u00ab J\u2019ai vu des femmes et des hommes danser au rythme des chants de louange au Seigneur ressuscit\u00e9, fondement d\u2019une esp\u00e9rance qui r\u00e9siste aux d\u00e9ceptions caus\u00e9es par les id\u00e9ologies et aux promesses vaines des puissants. Cet espoir exige un engagement concret, et l\u2019\u00c9glise a la responsabilit\u00e9, par le t\u00e9moignage et la proclamation courageuse de la Parole de Dieu, de reconna\u00eetre les droits de tous et d\u2019en promouvoir le respect effectif. \u00bb<\/h4>\n<p><em>Lisez le texte int\u00e9gral de son discours ci-dessous. Vous pourrez suivre l&#8217;int\u00e9gralit\u00e9 de l&#8217;\u00e9mission sur <a href=\"https:\/\/slmedia.org\/fr\/endirect\/\" target=\"_blank\" rel=\"noopener\">Sel + Lumi\u00e8re TV<\/a> ce soir \u00e0 19h00 HE, 16h00 HP et sur <a href=\"http:\/\/slmedia.org\/fr\/endirect\" target=\"_blank\" rel=\"noopener\">slmedia.org\/fr\/endirect<\/a>.<\/em><\/p>\n<div>\n<p><i>Chers fr\u00e8res et s\u0153urs, bonjour, et bienvenue !<\/i><\/p>\n<p>Aujourd\u2019hui, je souhaite vous parler du voyage apostolique que j\u2019ai effectu\u00e9 du 13 au 23 avril,\u00a0<a href=\"https:\/\/www.vatican.va\/content\/leo-xiv\/fr\/travels\/2026\/documents\/africa-13-23aprile2026.html\" target=\"_blank\" rel=\"noopener\">en visitant quatre pays africains : l\u2019Alg\u00e9rie, le Cameroun, l\u2019Angola et la Guin\u00e9e \u00c9quatoriale<\/a>.<\/p>\n<p>D\u00e8s le d\u00e9but de mon pontificat, j\u2019ai pens\u00e9 \u00e0 un voyage en Afrique. Je remercie le Seigneur de m\u2019avoir permis de l\u2019accomplir, en tant que Pasteur, pour rencontrer et encourager le peuple de Dieu ; et aussi de le vivre comme un message de paix \u00e0 un moment historique marqu\u00e9 par des guerres et par de graves et fr\u00e9quentes violations du droit international. Et j\u2019adresse mes remerciements les plus sinc\u00e8res aux \u00e9v\u00eaques et aux autorit\u00e9s civiles qui m\u2019ont accueilli, ainsi qu\u2019\u00e0 tous ceux qui ont collabor\u00e9 \u00e0 l\u2019organisation.<\/p>\n<p>La Providence a voulu que la premi\u00e8re \u00e9tape soit pr\u00e9cis\u00e9ment le pays o\u00f9 se trouvent les lieux de saint Augustin, c\u2019est-\u00e0-dire l\u2019Alg\u00e9rie. Je me suis ainsi retrouv\u00e9, d\u2019une part, \u00e0 repartir des racines de mon identit\u00e9 spirituelle et, d\u2019autre part, \u00e0 passer et \u00e0 consolider des ponts tr\u00e8s importants pour le monde et l\u2019\u00c9glise d\u2019aujourd\u2019hui : le pont avec l\u2019\u00e9poque tr\u00e8s f\u00e9conde des P\u00e8res de l\u2019\u00c9glise ; le pont avec le monde islamique ; le pont avec le continent africain.<\/p>\n<p>En Alg\u00e9rie, j\u2019ai re\u00e7u un accueil non seulement respectueux, mais aussi chaleureux, et nous avons pu constater par nous-m\u00eames et montrer au monde qu\u2019il est possible de vivre ensemble comme des fr\u00e8res et s\u0153urs, m\u00eame de religions diff\u00e9rentes, lorsque l\u2019on se reconna\u00eet comme enfants du m\u00eame P\u00e8re mis\u00e9ricordieux. En outre, ce fut l\u2019occasion propice de suivre l\u2019enseignement de saint Augustin : par son exp\u00e9rience de vie, ses \u00e9crits et sa spiritualit\u00e9, il est un ma\u00eetre dans la recherche de Dieu et de la v\u00e9rit\u00e9. Un t\u00e9moignage aujourd\u2019hui plus important que jamais pour les chr\u00e9tiens et pour toute personne.<\/p>\n<p>Dans les trois pays suivants que j\u2019ai visit\u00e9s, la population est en revanche majoritairement chr\u00e9tienne, et je me suis donc plong\u00e9 dans une atmosph\u00e8re de f\u00eate de la foi, d\u2019accueil chaleureux, favoris\u00e9e aussi par les traits typiques du peuple africain. J\u2019ai moi aussi fait l\u2019exp\u00e9rience, comme mes Pr\u00e9d\u00e9cesseurs, d\u2019un peu de ce qui arrivait \u00e0 J\u00e9sus avec les foules de Galil\u00e9e : il les voyait assoiff\u00e9es et affam\u00e9es de justice, il leur annon\u00e7ait : \u201cHeureux les pauvres, heureux les doux, heureux les artisans de paix\u2026\u201d et, reconnaissant leur foi, il disait : \u201cVous \u00eates le sel de la terre et la lumi\u00e8re du monde\u201d (cf.\u00a0<i>Mt\u00a0<\/i>5, 1-16).<\/p>\n<p>Ma visite au Cameroun m\u2019a permis de r\u00e9it\u00e9rer l\u2019appel \u00e0 \u0153uvrer ensemble pour la r\u00e9conciliation et la paix, car ce pays est malheureusement lui aussi marqu\u00e9 par des tensions et des violences. Je suis heureux de m\u2019\u00eatre rendu \u00e0 Bamenda, dans la r\u00e9gion anglophone, o\u00f9\u00a0<a href=\"https:\/\/www.vatican.va\/content\/leo-xiv\/fr\/speeches\/2026\/april\/documents\/20260416-camerun-incontro-pace.html\" target=\"_blank\" rel=\"noopener\">j\u2019ai encourag\u00e9 la collaboration en faveur de la paix<\/a>. Le Cameroun est surnomm\u00e9 \u201cl\u2019Afrique en miniature\u201d, en r\u00e9f\u00e9rence \u00e0 la vari\u00e9t\u00e9 et \u00e0 la richesse de sa nature et de ses ressources, mais nous pouvons \u00e9galement comprendre cette expression dans le sens o\u00f9 les grands besoins de tout le continent se retrouvent au Cameroun : celui d\u2019une r\u00e9partition \u00e9quitable des richesses ; celui de donner leur place aux jeunes, en surmontant la corruption end\u00e9mique ; celui de promouvoir un d\u00e9veloppement int\u00e9gral et durable, en opposant aux diverses formes de n\u00e9ocolonialisme une coop\u00e9ration internationale visionnaire. Je remercie l\u2019\u00c9glise du Cameroun et tout le peuple camerounais, qui m\u2019a accueilli avec tant d\u2019amour, et je prie pour que l\u2019esprit d\u2019unit\u00e9 qui s\u2019est manifest\u00e9 au cours de ma visite soit maintenu vivant et guide les choix et les actions futures.<\/p>\n<p>La troisi\u00e8me \u00e9tape du Voyage s\u2019est d\u00e9roul\u00e9e en Angola, grand pays situ\u00e9 au sud de l\u2019\u00e9quateur, dot\u00e9 d\u2019une tradition chr\u00e9tienne s\u00e9culaire, li\u00e9e \u00e0 la colonisation portugaise. Comme de nombreux pays africains, apr\u00e8s avoir acc\u00e9d\u00e9 \u00e0 l\u2019ind\u00e9pendance, l\u2019Angola a travers\u00e9 une p\u00e9riode troubl\u00e9e, marqu\u00e9e dans son cas par une longue guerre civile sanglante. Au creuset de cette histoire, Dieu a guid\u00e9 et purifi\u00e9 l\u2019\u00c9glise, la convertissant toujours davantage au service de l\u2019\u00c9vangile, de la promotion humaine, de la r\u00e9conciliation et de la paix. Une \u00c9glise libre pour un peuple libre !\u00a0<a href=\"https:\/\/www.vatican.va\/content\/leo-xiv\/fr\/speeches\/2026\/april\/documents\/20260419-angola-rosario-muxima.html\" target=\"_blank\" rel=\"noopener\">Au sanctuaire marial de\u00a0<i>Mam\u00e3 Muxima<\/i><\/a>\u00a0\u2013 qui signifie \u201cM\u00e8re du c\u0153ur\u201d \u2013 j\u2019ai senti battre le c\u0153ur du peuple angolais. Et au cours des diff\u00e9rentes rencontres, j\u2019ai vu avec joie tant de religieuses et de religieux de tous \u00e2ges, proph\u00e9tie du R\u00e8gne des cieux au milieu de leur peuple ; j\u2019ai vu des cat\u00e9chistes qui se consacrent enti\u00e8rement au bien des communaut\u00e9s ; j\u2019ai vu des visages d\u2019anciens marqu\u00e9s par les fatigues et les souffrances, mais rayonnants de la joie de l\u2019\u00c9vangile ; j\u2019ai vu des femmes et des hommes danser au rythme des chants de louange au Seigneur ressuscit\u00e9, fondement d\u2019une esp\u00e9rance qui r\u00e9siste aux d\u00e9ceptions caus\u00e9es par les id\u00e9ologies et les vaines promesses des puissants.<\/p>\n<p>Cette esp\u00e9rance exige un engagement concret, et l\u2019\u00c9glise a la responsabilit\u00e9, par son t\u00e9moignage et par l\u2019annonce courageuse de la Parole de Dieu, de reconna\u00eetre les droits de tous et d\u2019en promouvoir le respect effectif. Aux c\u00f4t\u00e9s des autorit\u00e9s civiles angolaises, mais aussi de celles des autres pays, j\u2019ai pu r\u00e9affirmer la volont\u00e9 de l\u2019\u00c9glise catholique de continuer \u00e0 apporter cette contribution, en particulier dans les domaines de la sant\u00e9 et de l\u2019\u00e9ducation.<\/p>\n<p>Le dernier pays que j\u2019ai visit\u00e9 est la Guin\u00e9e \u00c9quatoriale, 170 ans apr\u00e8s la premi\u00e8re \u00e9vang\u00e9lisation. Fort de la sagesse de la tradition et de la lumi\u00e8re du Christ, le peuple \u00e9quatoguin\u00e9en a travers\u00e9 les vicissitudes de son histoire et, ces derniers jours, en pr\u00e9sence du Pape, il a renouvel\u00e9 avec un grand enthousiasme sa volont\u00e9 de marcher uni vers un avenir d\u2019esp\u00e9rance.<\/p>\n<p>Je ne peux oublier\u00a0<a href=\"https:\/\/www.vatican.va\/content\/leo-xiv\/fr\/speeches\/2026\/april\/documents\/20260422-guinea-eq-prigione-bata.html\" target=\"_blank\" rel=\"noopener\">ce qui s\u2019est pass\u00e9 \u00e0 la prison de Bata, en Guin\u00e9e \u00c9quatoriale<\/a>\u00a0: les d\u00e9tenus ont chant\u00e9 \u00e0 tue-t\u00eate un chant de remerciement \u00e0 Dieu et au Pape, demandant de prier \u201cpour leurs p\u00e9ch\u00e9s et leur libert\u00e9\u201d. Je n\u2019avais jamais rien vu de tel. Puis ils ont pri\u00e9 avec moi le \u201cNotre P\u00e8re\u201d sous une pluie battante. Un signe authentique du Royaume de Dieu ! Et c\u2019est toujours sous la pluie qu\u2019a commenc\u00e9\u00a0<a href=\"https:\/\/www.vatican.va\/content\/leo-xiv\/fr\/speeches\/2026\/april\/documents\/20260422-guinea-eq-giovani-famiglie.html\" target=\"_blank\" rel=\"noopener\">la grande rencontre avec les jeunes au stade de Bata<\/a>. Une f\u00eate de joie chr\u00e9tienne, avec des t\u00e9moignages \u00e9mouvants de jeunes qui ont trouv\u00e9 dans l\u2019\u00c9vangile le chemin d\u2019une croissance libre et responsable. Cette f\u00eate a culmin\u00e9 lors de\u00a0<a href=\"https:\/\/www.vatican.va\/content\/leo-xiv\/fr\/homilies\/2026\/documents\/20260422-guinea-equatoriale-messa-mongomo.html\" target=\"_blank\" rel=\"noopener\">la c\u00e9l\u00e9bration eucharistique du lendemain<\/a>, qui a dignement couronn\u00e9 la visite en Guin\u00e9e \u00c9quatoriale ainsi que l\u2019ensemble du voyage apostolique.<\/p>\n<p>Chers fr\u00e8res et s\u0153urs, la visite du Pape est, pour les populations africaines, l\u2019occasion de faire entendre leur voix, d\u2019exprimer la joie d\u2019\u00eatre peuple de Dieu et l\u2019esp\u00e9rance d\u2019un avenir meilleur, de dignit\u00e9 pour chacun et pour tous. Je suis heureux de leur avoir donn\u00e9 cette possibilit\u00e9, et en m\u00eame temps je remercie le Seigneur pour ce qu\u2019ils m\u2019ont offer, une richesse inestimable pour mon c\u0153ur et pour mon minist\u00e8re.<\/p>\n<\/div>\n<p><a href=\"https:\/\/www.vatican.va\/content\/leo-xiv\/fr\/audiences\/2026\/documents\/20260429-udienza-generale.html\" target=\"_blank\" rel=\"noopener\" data-uw-rm-brl=\"PR\" data-uw-original-href=\"https:\/\/www.vatican.va\/content\/francesco\/fr\/audiences\/2024\/documents\/20241127-udienza-generale.html\" aria-label=\"Texte reproduit avec l'aimable autorisation de la Libreria Editrice Vaticana - open in a new tab\" data-uw-rm-ext-link=\"\"><em>Texte reproduit avec l&#8217;aimable autorisation de la Libreria Editrice Vaticana<\/em><\/a><\/p>\n<p>Consultez tous nos articles et la couverture du pape L\u00e9on XIV sur notre page :\u00a0\u00a0<a class=\"c-link c-link--underline\" href=\"http:\/\/slmedia.org\/fr\/pape-leon-xiv\" target=\"_blank\" rel=\"noopener noreferrer\" data-stringify-link=\"http:\/\/slmedia.org\/fr\/pape-leon-xiv\" data-sk=\"tooltip_parent\">slmedia.org\/fr\/pape-leon-xiv<\/a><\/p>\n","protected":false},"excerpt":{"rendered":"<p>La Constitution du Concile Vatican II\u00a0Lumen Gentium\u00a0(LG) sur l\u2019\u00c9glise\u00a0consacre un chapitre entier, le cinqui\u00e8me, \u00e0 la vocation universelle \u00e0 la saintet\u00e9 de tous les fid\u00e8les : chacun de nous est appel\u00e9 \u00e0 vivre dans la gr\u00e2ce de Dieu, \u00e0 pratiquer les vertus et \u00e0 se conformer au Christ.<\/p>\n","protected":false},"author":63,"featured_media":31259,"comment_status":"open","ping_status":"open","sticky":false,"template":"","format":"standard","meta":{"_links_to":"","_links_to_target":""},"categories":[3281,3270,1665],"tags":[2412,3399,3075,3282,3400,3401,3413,3271,3414,345],"_links":{"self":[{"href":"https:\/\/seletlumieretv.org\/blogue\/wp-json\/wp\/v2\/posts\/31258"}],"collection":[{"href":"https:\/\/seletlumieretv.org\/blogue\/wp-json\/wp\/v2\/posts"}],"about":[{"href":"https:\/\/seletlumieretv.org\/blogue\/wp-json\/wp\/v2\/types\/post"}],"author":[{"embeddable":true,"href":"https:\/\/seletlumieretv.org\/blogue\/wp-json\/wp\/v2\/users\/63"}],"replies":[{"embeddable":true,"href":"https:\/\/seletlumieretv.org\/blogue\/wp-json\/wp\/v2\/comments?post=31258"}],"version-history":[{"count":3,"href":"https:\/\/seletlumieretv.org\/blogue\/wp-json\/wp\/v2\/posts\/31258\/revisions"}],"predecessor-version":[{"id":31262,"href":"https:\/\/seletlumieretv.org\/blogue\/wp-json\/wp\/v2\/posts\/31258\/revisions\/31262"}],"wp:featuredmedia":[{"embeddable":true,"href":"https:\/\/seletlumieretv.org\/blogue\/wp-json\/wp\/v2\/media\/31259"}],"wp:attachment":[{"href":"https:\/\/seletlumieretv.org\/blogue\/wp-json\/wp\/v2\/media?parent=31258"}],"wp:term":[{"taxonomy":"category","embeddable":true,"href":"https:\/\/seletlumieretv.org\/blogue\/wp-json\/wp\/v2\/categories?post=31258"},{"taxonomy":"post_tag","embeddable":true,"href":"https:\/\/seletlumieretv.org\/blogue\/wp-json\/wp\/v2\/tags?post=31258"}],"curies":[{"name":"wp","href":"https:\/\/api.w.org\/{rel}","templated":true}]}}