{"id":31251,"date":"2026-04-30T15:00:19","date_gmt":"2026-04-30T19:00:19","guid":{"rendered":"https:\/\/seletlumieretv.org\/blogue\/?p=31251"},"modified":"2026-04-30T14:32:23","modified_gmt":"2026-04-30T18:32:23","slug":"caractere-sacre-de-la-vie","status":"publish","type":"post","link":"https:\/\/seletlumieretv.org\/blogue\/divers\/caractere-sacre-de-la-vie","title":{"rendered":"Le caract\u00e8re sacr\u00e9 de la vie"},"content":{"rendered":"<p><a href=\"https:\/\/seletlumieretv.org\/blogue\/wp-content\/march-for-life-blog-960x540-1.jpg\"><img loading=\"lazy\" class=\"wp-image-31252 size-full\" src=\"https:\/\/seletlumieretv.org\/blogue\/wp-content\/march-for-life-blog-960x540-1.jpg\" alt=\"\" width=\"960\" height=\"540\" srcset=\"https:\/\/seletlumieretv.org\/blogue\/wp-content\/march-for-life-blog-960x540-1.jpg 960w, https:\/\/seletlumieretv.org\/blogue\/wp-content\/march-for-life-blog-960x540-1-300x169.jpg 300w, https:\/\/seletlumieretv.org\/blogue\/wp-content\/march-for-life-blog-960x540-1-768x432.jpg 768w\" sizes=\"(max-width: 960px) 100vw, 960px\" \/><\/a><\/p>\n<p><span style=\"font-weight: 400;\">En mai, nous c\u00e9l\u00e9brons Marie en rendant hommage <\/span><a href=\"https:\/\/slmedia.org\/fr\/blogue\/le-cheminement-fecond-de-la-grossesse\" target=\"_blank\" rel=\"noopener\"><span style=\"font-weight: 400;\">aux m\u00e8res<\/span><\/a><span style=\"font-weight: 400;\">, ce qui en fait une p\u00e9riode importante pour la cause <\/span><a href=\"https:\/\/slmedia.org\/fr\/blogue\/tous-les-saints-sont-pro-vie\" target=\"_blank\" rel=\"noopener\"><span style=\"font-weight: 400;\">pro-vie <\/span><\/a><span style=\"font-weight: 400;\">au Canada. C&#8217;est \u00e0 cette occasion qu&#8217;a lieu la <\/span><a href=\"https:\/\/marchepourlavie.ca\/\" target=\"_blank\" rel=\"noopener\"><span style=\"font-weight: 400;\">Marche nationale pour la vie<\/span><\/a><span style=\"font-weight: 400;\"> \u00e0 Ottawa, une manifestation annuelle o\u00f9 des milliers de personnes venues de tout le Canada se rassemblent pour protester contre l&#8217;avortement et r\u00e9clamer des politiques qui soutiennent et affirment leur dignit\u00e9. Des messes sont c\u00e9l\u00e9br\u00e9es en marge de ce rassemblement, et des discours sont prononc\u00e9s par des responsables politiques et des chefs religieux pro-vie. L&#8217;ann\u00e9e derni\u00e8re, un salon pro-vie a \u00e9t\u00e9 organis\u00e9, o\u00f9 les participants ont pu d\u00e9couvrir les kiosques d&#8217;organisations pro-vie.<\/span><b>\u00a0<\/b><\/p>\n<p><span style=\"font-weight: 400;\">Si la Marche nationale pour la vie porte principalement sur l\u2019avortement, \u00e9tant donn\u00e9 qu\u2019il n\u2019existe actuellement aucune restriction l\u00e9gale \u00e0 cet \u00e9gard au Canada, les d\u00e9fenseurs de la vie encouragent \u00e9galement les personnes qui envisagent le suicide assist\u00e9 \u00e0 consid\u00e9rer que leur vie vaut la peine d\u2019\u00eatre v\u00e9cue. La l\u00e9gislation canadienne autorisant l\u2019aide m\u00e9dicale \u00e0 mourir (AMD), expose les personnes atteintes d\u2019un handicap physique ou d\u2019une maladie en phase terminale \u00e0 des influences n\u00e9fastes.\u00a0 Lorsqu&#8217;elles sont en proie \u00e0 la souffrance ou \u00e0 l&#8217;isolement, elles ont besoin d&#8217;\u00eatre accompagn\u00e9es avec compassion et soutien. Au fond, ceux qui d\u00e9fendent la vie consid\u00e8rent que chaque \u00eatre humain est un don.<\/span><\/p>\n<p><span style=\"font-weight: 400;\">Cette ann\u00e9e et pr\u00e9cis\u00e9ment le 14 mai, l\u2019\u00e9quipe de Sel + Lumi\u00e8re M\u00e9dia sera \u00e0 la <\/span><i><span style=\"font-weight: 400;\">Marche pour la vie<\/span><\/i><span style=\"font-weight: 400;\"> \u00e0 Ottawa pour couvrir la messe bilingue, diffus\u00e9e \u00e0 10h00 heure de l&#8217;est. Pour cette cause aussi, nous diffuserons plusieurs \u00e9missions pro-vie tout au long du mois, de nouvelles entrevues sp\u00e9ciales<\/span><i><span style=\"font-weight: 400;\"> Marche pour la vie 2026<\/span><\/i><span style=\"font-weight: 400;\">, et bien plus encore. Consultez r\u00e9guli\u00e8rement notre grille de <\/span><a href=\"https:\/\/slmedia.org\/fr\/endirect\/horaire\" target=\"_blank\" rel=\"noopener\"><span style=\"font-weight: 400;\">programmes<\/span><\/a> <span style=\"font-weight: 400;\">pour conna\u00eetre tous les d\u00e9tails.<\/span><\/p>\n<p><span style=\"font-weight: 400;\">Nous vous invitons \u00e9galement \u00e0 nous joindre pour une neuvaine d\u00e9di\u00e9e \u00e0 Marie, M\u00e8re de la Vie, qui d\u00e9butera le samedi 16 mai et prendra fin le dimanche de la Pentec\u00f4te, le 24 mai. Cette s\u00e9rie de pri\u00e8res concerne toute personne qui est pro-vie et qui aimerait prier et demander l&#8217;aide du Saint-Esprit, en particulier pour les personnes qui traversent des moments difficiles.<\/span><\/p>\n<p><span style=\"font-weight: 400;\">Suivez-nous sur la plateforme de vos r\u00e9seaux sociaux pr\u00e9f\u00e9r\u00e9s pour participer \u00e0 la neuvaine \u00e0 Marie, M\u00e8re de la Vie : <\/span><a href=\"https:\/\/www.facebook.com\/seletlumieremedia\" target=\"_blank\" rel=\"noopener\"><span style=\"font-weight: 400;\">Facebook<\/span><\/a><span style=\"font-weight: 400;\">, <\/span><a href=\"https:\/\/www.instagram.com\/seletlumiere.media\/\" target=\"_blank\" rel=\"noopener\"><span style=\"font-weight: 400;\">Instagram<\/span><\/a><span style=\"font-weight: 400;\">, <\/span><a href=\"https:\/\/x.com\/seletlumieretv\" target=\"_blank\" rel=\"noopener\"><span style=\"font-weight: 400;\">X<\/span><\/a><span style=\"font-weight: 400;\"> et <\/span><a href=\"https:\/\/www.youtube.com\/seletlumieretv\" target=\"_blank\" rel=\"noopener\"><span style=\"font-weight: 400;\">YouTube<\/span><\/a><span style=\"font-weight: 400;\">.<\/span><\/p>\n","protected":false},"excerpt":{"rendered":"<p>En mai, on c\u00e9l\u00e8bre Marie en rendant hommage aux m\u00e8res, ce qui en fait une p\u00e9riode importante pour la cause pro-vie au Canada.<\/p>\n","protected":false},"author":64,"featured_media":31252,"comment_status":"open","ping_status":"open","sticky":false,"template":"","format":"standard","meta":{"_links_to":"","_links_to_target":""},"categories":[1,3170,3179],"tags":[3239,1009,3155,559],"_links":{"self":[{"href":"https:\/\/seletlumieretv.org\/blogue\/wp-json\/wp\/v2\/posts\/31251"}],"collection":[{"href":"https:\/\/seletlumieretv.org\/blogue\/wp-json\/wp\/v2\/posts"}],"about":[{"href":"https:\/\/seletlumieretv.org\/blogue\/wp-json\/wp\/v2\/types\/post"}],"author":[{"embeddable":true,"href":"https:\/\/seletlumieretv.org\/blogue\/wp-json\/wp\/v2\/users\/64"}],"replies":[{"embeddable":true,"href":"https:\/\/seletlumieretv.org\/blogue\/wp-json\/wp\/v2\/comments?post=31251"}],"version-history":[{"count":5,"href":"https:\/\/seletlumieretv.org\/blogue\/wp-json\/wp\/v2\/posts\/31251\/revisions"}],"predecessor-version":[{"id":31265,"href":"https:\/\/seletlumieretv.org\/blogue\/wp-json\/wp\/v2\/posts\/31251\/revisions\/31265"}],"wp:featuredmedia":[{"embeddable":true,"href":"https:\/\/seletlumieretv.org\/blogue\/wp-json\/wp\/v2\/media\/31252"}],"wp:attachment":[{"href":"https:\/\/seletlumieretv.org\/blogue\/wp-json\/wp\/v2\/media?parent=31251"}],"wp:term":[{"taxonomy":"category","embeddable":true,"href":"https:\/\/seletlumieretv.org\/blogue\/wp-json\/wp\/v2\/categories?post=31251"},{"taxonomy":"post_tag","embeddable":true,"href":"https:\/\/seletlumieretv.org\/blogue\/wp-json\/wp\/v2\/tags?post=31251"}],"curies":[{"name":"wp","href":"https:\/\/api.w.org\/{rel}","templated":true}]}}