{"id":31212,"date":"2026-04-23T05:00:39","date_gmt":"2026-04-23T09:00:39","guid":{"rendered":"https:\/\/seletlumieretv.org\/blogue\/?p=31212"},"modified":"2026-04-22T14:59:55","modified_gmt":"2026-04-22T18:59:55","slug":"prier-avec-le-pape-avril-2026","status":"publish","type":"post","link":"https:\/\/seletlumieretv.org\/blogue\/divers\/prier-avec-le-pape-avril-2026","title":{"rendered":"Prier avec le pape R\u00e9flexion &#8211; avril 2026"},"content":{"rendered":"<p><img loading=\"lazy\" class=\"alignnone size-full wp-image-108159\" src=\"https:\/\/seletlumieretv.org\/blogue\/wp-content\/Apr2026-Pray-with-the-Pope-960x540-FR.jpg\" alt=\"\" width=\"0\" height=\"0\" \/><iframe title=\"YouTube video player\" src=\"https:\/\/www.youtube.com\/embed\/iKwx3D3HL64?si=wkGXElw7zYp0U0NN\" width=\"560\" height=\"315\" frameborder=\"0\" allowfullscreen=\"allowfullscreen\"><span data-mce-type=\"bookmark\" style=\"display: inline-block; width: 0px; overflow: hidden; line-height: 0;\" class=\"mce_SELRES_start\"><span data-mce-type=\"bookmark\" style=\"display: inline-block; width: 0px; overflow: hidden; line-height: 0;\" class=\"mce_SELRES_start\">\ufeff<\/span>\ufeff<\/span><span data-mce-type=\"bookmark\" style=\"display: inline-block; width: 0px; overflow: hidden; line-height: 0;\" class=\"mce_SELRES_start\">?<\/span><span data-mce-type=\"bookmark\" style=\"display: inline-block; width: 0px; overflow: hidden; line-height: 0;\" class=\"mce_SELRES_start\"><\/span><\/iframe><\/p>\n<p><span style=\"font-weight: 400;\">Mes fr\u00e8res et s\u0153urs, en ce mois d&#8217;avril, le pape nous invite \u00e0 prier pour les pr\u00eatres qui traversent des moments de crise dans leur vocation, afin qu&#8217;ils trouvent l&#8217;accompagnement n\u00e9cessaire et que les communaut\u00e9s les soutiennent avec compr\u00e9hension et pri\u00e8re.<\/span><\/p>\n<p><span style=\"font-weight: 400;\">Nos pr\u00eatres sont souvent pr\u00e9sents dans les moments les plus vuln\u00e9rables de notre vie, lorsque nous avons le plus besoin de la pr\u00e9sence r\u00e9confortante de Dieu. Pourtant, les pr\u00eatres sont aussi des \u00eatres humains et ne sont pas \u00e0 l&#8217;abri des d\u00e9fis dans leur vie, dont certains se transforment en moments de crise.\u00a0<\/span><\/p>\n<p><span style=\"font-weight: 400;\">Il est vrai que dans les moments de crise, il y a souvent des le\u00e7ons \u00e0 tirer, des d\u00e9fis \u00e0 relever et des adversit\u00e9s \u00e0 surmonter. Mais parfois, des pr\u00eatres ont simplement besoin d&#8217;un soutien bienveillant.<\/span><\/p>\n<p><span style=\"font-weight: 400;\">Des pr\u00eatres ont r\u00e9pondu \u00e0 l&#8217;appel de Dieu pour servir son peuple, et non pour appara\u00eetre comme des super-h\u00e9ros. Prions pour qu&#8217;ils acceptent d&#8217;\u00eatre vuln\u00e9rables, afin qu&#8217;ils ne ressentent pas le besoin d&#8217;appara\u00eetre invincibles.\u00a0<\/span><\/p>\n<p><span style=\"font-weight: 400;\">Lorsque notre vie est enti\u00e8rement consacr\u00e9e au don, nous pensons \u00e0 tort que recevoir est un signe de faiblesse ou d&#8217;un manque d&#8217;autonomie. En r\u00e9alit\u00e9, recevoir est le geste le plus fondamental en tant que chr\u00e9tien : Dieu donne, nous recevons.\u00a0<\/span><\/p>\n<p><span style=\"font-weight: 400;\">Prions pour que ces pr\u00eatres ne s&#8217;isolent pas, mais cherchent et re\u00e7oivent l&#8217;aide dont ils ont besoin.\u00a0<\/span><\/p>\n<p><span style=\"font-weight: 400;\">Avant tout, prions pour que, \u00e0 travers ces d\u00e9fis, le Seigneur continue \u00e0 modeler le c\u0153ur de ces pr\u00eatres \u00e0 l&#8217;image d&#8217;un berger, des c\u0153urs qui ressemblent de plus en plus au c\u0153ur de notre vrai Berger, J\u00e9sus-Christ. Que Dieu vous b\u00e9nisse aujourd&#8217;hui.\u00a0<\/span><\/p>\n","protected":false},"excerpt":{"rendered":"<p>Mes fr\u00e8res et s\u0153urs, en ce mois d&#8217;avril, le pape nous invite \u00e0 prier pour les pr\u00eatres qui traversent des moments de crise dans leur vocation, afin qu&#8217;ils trouvent l&#8217;accompagnement n\u00e9cessaire et que les communaut\u00e9s les soutiennent avec compr\u00e9hension et pri\u00e8re.<\/p>\n","protected":false},"author":43,"featured_media":31237,"comment_status":"open","ping_status":"open","sticky":false,"template":"","format":"standard","meta":{"_links_to":"","_links_to_target":""},"categories":[1,3270,3179,3031],"tags":[927,206,3271,1365],"_links":{"self":[{"href":"https:\/\/seletlumieretv.org\/blogue\/wp-json\/wp\/v2\/posts\/31212"}],"collection":[{"href":"https:\/\/seletlumieretv.org\/blogue\/wp-json\/wp\/v2\/posts"}],"about":[{"href":"https:\/\/seletlumieretv.org\/blogue\/wp-json\/wp\/v2\/types\/post"}],"author":[{"embeddable":true,"href":"https:\/\/seletlumieretv.org\/blogue\/wp-json\/wp\/v2\/users\/43"}],"replies":[{"embeddable":true,"href":"https:\/\/seletlumieretv.org\/blogue\/wp-json\/wp\/v2\/comments?post=31212"}],"version-history":[{"count":3,"href":"https:\/\/seletlumieretv.org\/blogue\/wp-json\/wp\/v2\/posts\/31212\/revisions"}],"predecessor-version":[{"id":31239,"href":"https:\/\/seletlumieretv.org\/blogue\/wp-json\/wp\/v2\/posts\/31212\/revisions\/31239"}],"wp:featuredmedia":[{"embeddable":true,"href":"https:\/\/seletlumieretv.org\/blogue\/wp-json\/wp\/v2\/media\/31237"}],"wp:attachment":[{"href":"https:\/\/seletlumieretv.org\/blogue\/wp-json\/wp\/v2\/media?parent=31212"}],"wp:term":[{"taxonomy":"category","embeddable":true,"href":"https:\/\/seletlumieretv.org\/blogue\/wp-json\/wp\/v2\/categories?post=31212"},{"taxonomy":"post_tag","embeddable":true,"href":"https:\/\/seletlumieretv.org\/blogue\/wp-json\/wp\/v2\/tags?post=31212"}],"curies":[{"name":"wp","href":"https:\/\/api.w.org\/{rel}","templated":true}]}}