{"id":30965,"date":"2026-03-10T09:49:54","date_gmt":"2026-03-10T13:49:54","guid":{"rendered":"https:\/\/seletlumieretv.org\/blogue\/?p=30965"},"modified":"2026-03-10T09:47:57","modified_gmt":"2026-03-10T13:47:57","slug":"prier-avec-le-pape-mars-2026","status":"publish","type":"post","link":"https:\/\/seletlumieretv.org\/blogue\/divers\/prier-avec-le-pape-mars-2026","title":{"rendered":"Prier avec le pape R\u00e9flexion &#8211; mars 2026"},"content":{"rendered":"<p><img loading=\"lazy\" class=\"alignnone size-full wp-image-108159\" src=\"https:\/\/seletlumieretv.org\/blogue\/wp-content\/Mar2026-Pray-with-the-Pope-960x540-FR.jpg\" alt=\"\" width=\"0\" height=\"0\" \/><iframe title=\"YouTube video player\" src=\"https:\/\/www.youtube.com\/embed\/42PQJImMyAA?si=okhSdCopLF3Ndw6Z\" width=\"560\" height=\"315\" frameborder=\"0\" allowfullscreen=\"allowfullscreen\"><span data-mce-type=\"bookmark\" style=\"display: inline-block; width: 0px; overflow: hidden; line-height: 0;\" class=\"mce_SELRES_start\">\ufeff<\/span><span data-mce-type=\"bookmark\" style=\"display: inline-block; width: 0px; overflow: hidden; line-height: 0;\" class=\"mce_SELRES_start\">?<\/span><span data-mce-type=\"bookmark\" style=\"display: inline-block; width: 0px; overflow: hidden; line-height: 0;\" class=\"mce_SELRES_start\"><\/span><\/iframe><\/p>\n<p><span style=\"font-weight: 400;\">Mes fr\u00e8res et s\u0153urs, en ce mois de mars, le pape nous invite \u00e0 prier pour que les nations s\u2019engagent dans un d\u00e9sarmement effectif, en particulier le d\u00e9sarmement nucl\u00e9aire, et que les dirigeants du monde choisissent le chemin du dialogue et de la diplomatie et non celui de la violence.<\/span><\/p>\n<p><span style=\"font-weight: 400;\">Dans un r\u00e9cent discours prononc\u00e9 en janvier devant le corps diplomatique accr\u00e9dit\u00e9 aupr\u00e8s du Vatican, le pape L\u00e9on XIV a averti que \u00ab la guerre est de nouveau \u00e0 la mode et que le z\u00e8le guerrier se r\u00e9pand \u00bb.\u00a0<\/span><\/p>\n<p><span style=\"font-weight: 400;\">Ce n&#8217;est pas parce que la guerre a toujours fait partie de l&#8217;histoire humaine qu&#8217;elle est l\u00e9gitime ; elle t\u00e9moigne plut\u00f4t de l&#8217;horreur et des atrocit\u00e9s dont les humains sont capables sans le pouvoir r\u00e9dempteur du Seigneur.\u00a0<\/span><\/p>\n<p><span style=\"font-weight: 400;\">Prier pour le d\u00e9sarmement ne signifie pas que nous renon\u00e7ons \u00e0 notre droit de nous d\u00e9fendre. Cela est particuli\u00e8rement vrai en ce qui concerne les armes nucl\u00e9aires, dont la possession rel\u00e8ve davantage de la destruction mutuelle que de la l\u00e9gitime d\u00e9fense.\u00a0<\/span><\/p>\n<p><span style=\"font-weight: 400;\">Prions pour que la mani\u00e8re d&#8217;\u00eatre et de vivre chr\u00e9tienne ne soit pas s\u00e9par\u00e9e de la mani\u00e8re dont nous interagissons avec les autres nations, comme si notre foi chr\u00e9tienne pouvait \u00eatre rel\u00e9gu\u00e9e \u00e0 la sph\u00e8re priv\u00e9e, tandis que nous revenons \u00e0 des m\u00e9thodes brutales et animales de domination et de pouvoir en mati\u00e8re de politique, comme si cela allait de soi.\u00a0<\/span><\/p>\n<p><span style=\"font-weight: 400;\">Prions pour que nous vivions et t\u00e9moignions de mani\u00e8re que notre identit\u00e9 chr\u00e9tienne ait un poids dans le discours public.\u00a0<\/span><\/p>\n<p><span style=\"font-weight: 400;\">Finalement, il est difficile de mettre fin \u00e0 la guerre et \u00e0 ses terribles cons\u00e9quences lorsque la haine r\u00e8gne dans nos c\u0153urs.\u00a0<\/span><\/p>\n<p><span style=\"font-weight: 400;\">Prions donc pour que nos attitudes et nos actions ne soient pas domin\u00e9es et gouvern\u00e9es par la haine, et si la haine existe, prions pour que le Seigneur fasse fondre la glace qui recouvre nos c\u0153urs, afin que J\u00e9sus-Christ, le Prince de la Paix, r\u00e8gne dans nos c\u0153urs. Que Dieu vous b\u00e9nisse aujourd&#8217;hui.\u00a0<\/span><\/p>\n","protected":false},"excerpt":{"rendered":"<p>En ce mois de mars, le pape nous invite \u00e0 prier pour que les nations s\u2019engagent dans un d\u00e9sarmement effectif, en particulier le d\u00e9sarmement nucl\u00e9aire, et que les dirigeants du monde choisissent le chemin du dialogue et de la diplomatie et non celui de la violence.<\/p>\n","protected":false},"author":43,"featured_media":30969,"comment_status":"open","ping_status":"open","sticky":false,"template":"","format":"standard","meta":{"_links_to":"","_links_to_target":""},"categories":[1,3270,3179,3031],"tags":[579,3381,206,3271],"_links":{"self":[{"href":"https:\/\/seletlumieretv.org\/blogue\/wp-json\/wp\/v2\/posts\/30965"}],"collection":[{"href":"https:\/\/seletlumieretv.org\/blogue\/wp-json\/wp\/v2\/posts"}],"about":[{"href":"https:\/\/seletlumieretv.org\/blogue\/wp-json\/wp\/v2\/types\/post"}],"author":[{"embeddable":true,"href":"https:\/\/seletlumieretv.org\/blogue\/wp-json\/wp\/v2\/users\/43"}],"replies":[{"embeddable":true,"href":"https:\/\/seletlumieretv.org\/blogue\/wp-json\/wp\/v2\/comments?post=30965"}],"version-history":[{"count":5,"href":"https:\/\/seletlumieretv.org\/blogue\/wp-json\/wp\/v2\/posts\/30965\/revisions"}],"predecessor-version":[{"id":31014,"href":"https:\/\/seletlumieretv.org\/blogue\/wp-json\/wp\/v2\/posts\/30965\/revisions\/31014"}],"wp:featuredmedia":[{"embeddable":true,"href":"https:\/\/seletlumieretv.org\/blogue\/wp-json\/wp\/v2\/media\/30969"}],"wp:attachment":[{"href":"https:\/\/seletlumieretv.org\/blogue\/wp-json\/wp\/v2\/media?parent=30965"}],"wp:term":[{"taxonomy":"category","embeddable":true,"href":"https:\/\/seletlumieretv.org\/blogue\/wp-json\/wp\/v2\/categories?post=30965"},{"taxonomy":"post_tag","embeddable":true,"href":"https:\/\/seletlumieretv.org\/blogue\/wp-json\/wp\/v2\/tags?post=30965"}],"curies":[{"name":"wp","href":"https:\/\/api.w.org\/{rel}","templated":true}]}}