{"id":21478,"date":"2018-05-04T18:03:40","date_gmt":"2018-05-04T22:03:40","guid":{"rendered":"http:\/\/seletlumieretv.org\/blogue\/?p=21478"},"modified":"2019-04-27T10:29:07","modified_gmt":"2019-04-27T14:29:07","slug":"eglise-en-sortie-4-mai-2018","status":"publish","type":"post","link":"https:\/\/seletlumieretv.org\/blogue\/eglise-au-canada\/eglise-en-sortie-4-mai-2018","title":{"rendered":"\u00c9glise en sortie 4 mai 2018"},"content":{"rendered":"<p><iframe src=\"https:\/\/www.youtube.com\/embed\/b-PS6odlPN8\" width=\"960\" height=\"540\" frameborder=\"0\" allowfullscreen=\"allowfullscreen\"><span data-mce-type=\"bookmark\" style=\"display: inline-block; width: 0px; overflow: hidden; line-height: 0;\" class=\"mce_SELRES_start\">\ufeff<\/span><\/iframe><\/p>\n<p>Cette semaine \u00e0 \u00c9glise en sortie, Francis Denis re\u00e7oit la journaliste et repr\u00e9sentante de la Conf\u00e9rence des \u00e9v\u00eaques catholiques du Canada au Pr\u00e9-Synode sur &#8220;Les jeunes, la foi et le discernement vocationnel&#8221;. Et on vous pr\u00e9sente un reportage sur l&#8217;Assembl\u00e9e g\u00e9n\u00e9rale annuelle des Chevaliers de Colomb du Qu\u00e9bec.<\/p>\n","protected":false},"excerpt":{"rendered":"<p>\ufeff Cette semaine \u00e0 \u00c9glise en sortie, Francis Denis re\u00e7oit la journaliste et repr\u00e9sentante de la Conf\u00e9rence des \u00e9v\u00eaques catholiques du Canada au Pr\u00e9-Synode sur &#8220;Les jeunes, la foi et le discernement vocationnel&#8221;. Et on vous pr\u00e9sente un reportage sur l&#8217;Assembl\u00e9e g\u00e9n\u00e9rale annuelle des Chevaliers de Colomb du Qu\u00e9bec.<\/p>\n","protected":false},"author":43,"featured_media":0,"comment_status":"open","ping_status":"open","sticky":false,"template":"","format":"standard","meta":{"_links_to":"","_links_to_target":""},"categories":[1660,493,1626,872,1206,498,1808,1098,1185],"tags":[104,15,25,152,531,1286,88,1125],"_links":{"self":[{"href":"https:\/\/seletlumieretv.org\/blogue\/wp-json\/wp\/v2\/posts\/21478"}],"collection":[{"href":"https:\/\/seletlumieretv.org\/blogue\/wp-json\/wp\/v2\/posts"}],"about":[{"href":"https:\/\/seletlumieretv.org\/blogue\/wp-json\/wp\/v2\/types\/post"}],"author":[{"embeddable":true,"href":"https:\/\/seletlumieretv.org\/blogue\/wp-json\/wp\/v2\/users\/43"}],"replies":[{"embeddable":true,"href":"https:\/\/seletlumieretv.org\/blogue\/wp-json\/wp\/v2\/comments?post=21478"}],"version-history":[{"count":2,"href":"https:\/\/seletlumieretv.org\/blogue\/wp-json\/wp\/v2\/posts\/21478\/revisions"}],"predecessor-version":[{"id":21487,"href":"https:\/\/seletlumieretv.org\/blogue\/wp-json\/wp\/v2\/posts\/21478\/revisions\/21487"}],"wp:attachment":[{"href":"https:\/\/seletlumieretv.org\/blogue\/wp-json\/wp\/v2\/media?parent=21478"}],"wp:term":[{"taxonomy":"category","embeddable":true,"href":"https:\/\/seletlumieretv.org\/blogue\/wp-json\/wp\/v2\/categories?post=21478"},{"taxonomy":"post_tag","embeddable":true,"href":"https:\/\/seletlumieretv.org\/blogue\/wp-json\/wp\/v2\/tags?post=21478"}],"curies":[{"name":"wp","href":"https:\/\/api.w.org\/{rel}","templated":true}]}}