{"id":15729,"date":"2015-09-25T17:14:51","date_gmt":"2015-09-25T21:14:51","guid":{"rendered":"http:\/\/seletlumieretv.org\/blogue\/?p=15729"},"modified":"2015-09-26T10:21:58","modified_gmt":"2015-09-26T14:21:58","slug":"discours-du-pape-francois-avec-les-enfants-de-lecole-notre-dame-reine-des-anges-a-harlem","status":"publish","type":"post","link":"https:\/\/seletlumieretv.org\/blogue\/eglises-du-monde\/discours-du-pape-francois-avec-les-enfants-de-lecole-notre-dame-reine-des-anges-a-harlem","title":{"rendered":"Discours du pape Fran\u00e7ois avec les enfants de l&#8217;\u00e9cole Notre-Dame Reine des anges \u00e0 Harlem"},"content":{"rendered":"<p><a href=\"http:\/\/seletlumieretv.org\/blogue\/wp-content\/blog_1443277107-e1443277263977.jpg\"><img loading=\"lazy\" class=\"aligncenter size-full wp-image-15736\" src=\"http:\/\/seletlumieretv.org\/blogue\/wp-content\/blog_1443277107-e1443277263977.jpg\" alt=\"blog_1443277107\" width=\"610\" height=\"343\" \/><\/a><\/p>\n<p><b>Rencontre avec les Enfants et les Familles d\u2019Immigr\u00e9s<\/b><br \/>\n<b>Ecole Notre-Dame, Reine des Anges, Harlem<\/b><br \/>\n<b>Vendredi, 25 septembre 2015<\/b><\/p>\n<blockquote><p>Chers enfants,<\/p>\n<p>Je suis heureux d\u2019\u00eatre ici aujourd\u2019hui avec vous, avec toute cette grande famille qui vous accompagne. Je vois vos enseignants, vos \u00e9ducateurs, vos parents et proches. Merci de m\u2019accueillir et je demande pardon, surtout aux enseignants, de \u2018\u2018leur voler\u2019\u2019 quelques minutes de classe.<\/p>\n<p>On m\u2019a dit que l\u2019une des belles caract\u00e9ristiques de cette \u00e9cole est que certains de ses \u00e9l\u00e8ves viennent d\u2019autres endroits, voire d\u2019autres pays. Que c\u2019est bien, cela ! M\u00eame si je sais qu\u2019il n\u2019est pas toujours facile de devoir d\u00e9m\u00e9nager et de trouver une nouvelle maison, de nouveaux voisins, des amis ; ce n\u2019est pas du tout facile. Au d\u00e9but, cela peut \u00eatre fatigant &#8211; n\u2019est-ce pas ? &#8211; bien des fois, d\u2019apprendre une nouvelle langue, de s\u2019adapter \u00e0 une nouvelle culture, \u00e0 un nouveau climat. Que de choses vous devez apprendre ! Pas seulement les le\u00e7ons de l\u2019\u00e9cole.<\/p>\n<p>Ce qui est bon, c\u2019est que nous rencontrons aussi de nouveaux amis, nous rencontrons des personnes qui nous ouvrent les portes et nous manifestent leur tendresse, leur amiti\u00e9, leur compr\u00e9hension et cherchent \u00e0 nous aider pour que nous ne soyons pas d\u00e9pays\u00e9s, pour que nous nous sentions chez nous. Qu\u2019il est beau de pouvoir sentir l\u2019\u00e9cole comme une seconde maison. Non seulement c\u2019est important pour vous, mais aussi pour vos familles. De cette mani\u00e8re, l\u2019\u00e9cole devient une grande famille pour tous, o\u00f9 avec nos m\u00e8res, nos p\u00e8res, nos grands-parents, nos \u00e9ducateurs, nos enseignants et nos copains, nous apprenons \u00e0 nous entraider, \u00e0 partager ce <a href=\"http:\/\/seletlumieretv.org\/blogue\/wp-content\/20150925cnsnw0499.jpg\"><img loading=\"lazy\" class=\"alignright size-medium wp-image-15737\" src=\"http:\/\/seletlumieretv.org\/blogue\/wp-content\/20150925cnsnw0499-300x200.jpg\" alt=\"\" width=\"300\" height=\"200\" srcset=\"https:\/\/seletlumieretv.org\/blogue\/wp-content\/20150925cnsnw0499-300x200.jpg 300w, https:\/\/seletlumieretv.org\/blogue\/wp-content\/20150925cnsnw0499-1024x683.jpg 1024w\" sizes=\"(max-width: 300px) 100vw, 300px\" \/><\/a>qui est bon en chacun, \u00e0 donner le meilleur de nous-m\u00eames, \u00e0 travailler en \u00e9quipe et \u00e0 pers\u00e9v\u00e9rer dans nos projets.<\/p>\n<p>Bien proche d\u2019ici, il y a une rue tr\u00e8s importante portant le nom d\u2019une personne qui a fait beaucoup de bien aux autres, et je veux la rappeler avec vous. Je me r\u00e9f\u00e8re au Pasteur Martin Luther King. Il a dit un jour : \u2018\u2018j\u2019ai un r\u00eave\u2019\u2019. Il a r\u00eav\u00e9 que beaucoup d\u2019enfants, beaucoup de personnes aient les m\u00eames opportunit\u00e9s. Il a r\u00eav\u00e9 que beaucoup d\u2019enfants comme vous aient acc\u00e8s \u00e0 l\u2019\u00e9ducation. Il est beau d\u2019avoir des r\u00eaves et de pouvoir lutter pour eux.<\/p>\n<p>Aujourd\u2019hui, nous voulons continuer de r\u00eaver et nous c\u00e9l\u00e9brons toutes les opportunit\u00e9s, qui nous permettent, aussi bien \u00e0 vous qu\u2019\u00e0 nous les adultes, de ne pas perdre l\u2019esp\u00e9rance d\u2019un monde meilleur, avec d\u2019avantage de possibilit\u00e9s. Je sais que l\u2019un des r\u00eaves de vos parents, de vos \u00e9ducateurs est que vous puissiez grandir dans la joie. Il est toujours bon de voir un enfant sourire. Ici, on vous voit souriants, continuez \u00e0 \u00eatre ainsi et aidez \u00e0 communiquer la joie \u00e0 toutes les personnes autour de vous.<\/p>\n<p>Chers enfants, vous avez le droit de r\u00eaver et je suis tr\u00e8s heureux que vous puissiez trouver dans cette \u00e9cole, chez vos amis, chez vos enseignants cet appui n\u00e9cessaire pour pouvoir le faire. L\u00e0 o\u00f9 il y a des r\u00eaves, l\u00e0 o\u00f9 il y a de la joie, il y a toujours J\u00e9sus. Car J\u00e9sus est joie et il veut nous aider pour que cette joie se maintienne tous les jours.<\/p>\n<p>Avant de m\u2019en aller, je veux vous laisser un\u00a0 homework &#8211; un travail de maison -, vous le permettez ? C\u2019est une demande simple mais tr\u00e8s importante : n\u2019oubliez pas de prier pour moi pour que je puisse partager avec beaucoup la joie de J\u00e9sus. Et priez aussi afin que beaucoup puissent conna\u00eetre cette joie que vous avez.<\/p>\n<p>Que Dieu vous b\u00e9nisse aujourd\u2019hui et que la Vierge vous prot\u00e8ge.<\/p><\/blockquote>\n","protected":false},"excerpt":{"rendered":"<p>Rencontre avec les Enfants et les Familles d\u2019Immigr\u00e9s Ecole Notre-Dame, Reine des Anges, Harlem Vendredi, 25 septembre 2015 Chers enfants, Je suis heureux d\u2019\u00eatre ici aujourd\u2019hui avec vous, avec toute cette grande famille qui vous accompagne. Je vois vos enseignants, vos \u00e9ducateurs, vos parents et proches. Merci de m\u2019accueillir et je demande pardon, surtout aux [&hellip;]<\/p>\n","protected":false},"author":43,"featured_media":0,"comment_status":"open","ping_status":"open","sticky":false,"template":"","format":"standard","meta":{"_links_to":"","_links_to_target":""},"categories":[872,1185],"tags":[],"_links":{"self":[{"href":"https:\/\/seletlumieretv.org\/blogue\/wp-json\/wp\/v2\/posts\/15729"}],"collection":[{"href":"https:\/\/seletlumieretv.org\/blogue\/wp-json\/wp\/v2\/posts"}],"about":[{"href":"https:\/\/seletlumieretv.org\/blogue\/wp-json\/wp\/v2\/types\/post"}],"author":[{"embeddable":true,"href":"https:\/\/seletlumieretv.org\/blogue\/wp-json\/wp\/v2\/users\/43"}],"replies":[{"embeddable":true,"href":"https:\/\/seletlumieretv.org\/blogue\/wp-json\/wp\/v2\/comments?post=15729"}],"version-history":[{"count":3,"href":"https:\/\/seletlumieretv.org\/blogue\/wp-json\/wp\/v2\/posts\/15729\/revisions"}],"predecessor-version":[{"id":15739,"href":"https:\/\/seletlumieretv.org\/blogue\/wp-json\/wp\/v2\/posts\/15729\/revisions\/15739"}],"wp:attachment":[{"href":"https:\/\/seletlumieretv.org\/blogue\/wp-json\/wp\/v2\/media?parent=15729"}],"wp:term":[{"taxonomy":"category","embeddable":true,"href":"https:\/\/seletlumieretv.org\/blogue\/wp-json\/wp\/v2\/categories?post=15729"},{"taxonomy":"post_tag","embeddable":true,"href":"https:\/\/seletlumieretv.org\/blogue\/wp-json\/wp\/v2\/tags?post=15729"}],"curies":[{"name":"wp","href":"https:\/\/api.w.org\/{rel}","templated":true}]}}