{"id":12143,"date":"2014-02-25T17:03:48","date_gmt":"2014-02-25T22:03:48","guid":{"rendered":"http:\/\/seletlumieretv.org\/blogue\/?p=12143"},"modified":"2014-02-25T17:03:48","modified_gmt":"2014-02-25T22:03:48","slug":"des-enfants-affames-dans-les-camps-et-des-fabricants-darmes-a-la-fete","status":"publish","type":"post","link":"https:\/\/seletlumieretv.org\/blogue\/homelie\/des-enfants-affames-dans-les-camps-et-des-fabricants-darmes-a-la-fete","title":{"rendered":"\u00ab Des enfants affam\u00e9s dans les camps et des fabricants d&#8217;armes \u00e0 la f\u00eate \u00bb"},"content":{"rendered":"<p><iframe width=\"610\" height=\"343\" src=\"\/\/www.youtube.com\/embed\/o-3A3W4l_wA\" frameborder=\"0\" allowfullscreen><\/iframe><\/p>\n<p><a href=\"http:\/\/seletlumieretv.org\/blogue\/wp-content\/1_0_776367.jpg\"><img loading=\"lazy\" class=\"alignleft size-full wp-image-12144\" alt=\"1_0_776367\" src=\"http:\/\/seletlumieretv.org\/blogue\/wp-content\/1_0_776367.jpg\" width=\"250\" height=\"166\" \/><\/a>Des enfants affam\u00e9s dans les camps de r\u00e9fugi\u00e9s, alors que les fabricants d\u2019armes font la f\u00eate dans les salons mondains. C\u2019est l\u2019image forte que le Pape Fran\u00e7ois a \u00e9voqu\u00e9e lors de la messe c\u00e9l\u00e9br\u00e9e ce mardi matin en la chapelle de la maison Sainte-Marthe. Toute l\u2019hom\u00e9lie du Souverain Pontife \u00e9tait un appel fort pour la paix et contre toute guerre, dans le monde comme au sein des familles. Le Pape a r\u00e9p\u00e9t\u00e9 que la paix ne peut pas \u00eatre seulement \u00ab\u00a0<i>une parole<\/i>\u00a0\u00bb et a exhort\u00e9 tous les chr\u00e9tiens \u00e0 ne pas \u00ab<i>\u00a0s\u2019habituer<\/i>\u00a0\u00bb au scandale de la guerre.<\/p>\n<p>D\u2019o\u00f9 proviennent les guerres et les disputes entre vous ? Le Pape Fran\u00e7ois s\u2019est inspir\u00e9 de la lettre de l\u2019ap\u00f4tre Jacques, dans la premi\u00e8re lecture, pour condamner fortement toutes les guerres. Et en commentant les querelles entre les ap\u00f4tres voulant savoir \u00e0 tout prix lequel d&#8217;entre eux \u00e9tait le plus grand, le Pape a tout de suite mis en \u00e9vidence que lorsque \u00ab\u00a0<i>les c\u0153urs s\u2019\u00e9loignent, la guerre na\u00eet\u00a0<\/i>\u00bb. \u00ab<i>\u00a0Chaque jour, sur les journaux, nous trouvons des guerres<\/i>&#8211; a-t-il constat\u00e9 avec amertume-\u00a0<i>\u00e0 cet endroit, ils se sont divis\u00e9s en deux, cinq morts\u00a0<\/i>\u00bb, \u00e0 un autre endroit, d\u2019autres victimes :<\/p>\n<p><b>Nous ne pouvons nous habituer \u00e0 la guerre<\/b><\/p>\n<p>\u00ab\u00a0<i>Et les morts semblent faire partie d\u2019une comptabilit\u00e9 quotidienne. Nous sommes habitu\u00e9s \u00e0 lire ces choses ! Et si nous avions la patience d\u2019\u00e9num\u00e9rer toutes les guerres qu\u2019il y a en ce moment dans le monde, nous aurions s\u00fbrement des pages et des pages \u00e9crites. Il semble que l\u2019esprit de la guerre se soit empar\u00e9 de nous. On pose des actes pour comm\u00e9morer le centenaire de la Grande Guerre, tant de millions de morts\u2026Et nous sommes tous scandalis\u00e9s ! Mais aujourd\u2019hui, il se passe la m\u00eame chose ! Au lieu d\u2019une grande guerre, de petites guerres, partout, des peuples divis\u00e9s\u2026Et pour d\u00e9fendre leur propre int\u00e9r\u00eat, ils se tuent entre eux\u00a0<\/i>\u00bb.<!--more--><\/p>\n<p>\u00ab<i>\u00a0D\u2019o\u00f9 proviennent les guerres et les litiges parmi vous<\/i>\u00a0? \u00bb s&#8217;interroge le Pape. \u00ab\u00a0<i>Les guerres, la haine, l\u2019hostilit\u00e9<\/i>&#8211; a-t-il r\u00e9pondu-\u00a0<i>ne s\u2019ach\u00e8tent pas au march\u00e9 : elles sont ici, dans le c\u0153ur<\/i>\u00a0\u00bb. Il a ainsi rappel\u00e9 que lorsque nous \u00e9tions enfants, pendant le cat\u00e9chisme , \u00ab\u00a0<i>ils nous expliquaient l\u2019histoire de Ca\u00efn et Abele et nous \u00e9tions tous scandalis\u00e9s<\/i>\u00a0\u00bb, on ne pouvait pas accepter que quelqu\u2019un tue son fr\u00e8re. Aujourd\u2019hui, pourtant , \u00ab\u00a0<i>des millions de gens s\u2019entretuent entre fr\u00e8res, entre eux. Mais nous sommes habitu\u00e9s<\/i>\u00a0\u00bb. La premi\u00e8re Guerre Mondiale , a-t-il encore dit, \u00ab<i>\u00a0nous scandalise mais cette grande guerre, un peu partout, un peu cach\u00e9e, ne nous scandalise pas ! Et tellement de gens meurent pour un morceau de terre, \u00e0 cause d\u2019une ambition, \u00e0 cause d\u2019 une haine, \u00e0 cause d\u2019une jalousie raciale\u00a0<\/i>\u00bb. \u00ab\u00a0<i>La passion\u00a0<\/i>&#8211; a-t-il ajout\u00e9-\u00a0<i>nous m\u00e8ne \u00e0 la guerre, \u00e0 l\u2019esprit du monde\u00a0<\/i>\u00bb.<\/p>\n<p><b>L&#8217;esprit de la guerre nous \u00e9loigne de Dieu<\/b><\/p>\n<p>\u00ab\u00a0<i>Habituellement, devant un conflit, nous nous trouvons dans une curieuse situation : aller de l\u2019avant pour le r\u00e9soudre, en se disputant. Avec le langage de la guerre. Le premier langage n\u2019est pas celui de la paix ! Et les cons\u00e9quences ? Pensez aux enfants affam\u00e9s dans les camps de r\u00e9fugi\u00e9s\u2026Pensez seulement \u00e0 cela : c\u2019est le fruit de la guerre ! Et si vous voulez, pensez aux grands salons mondains, aux f\u00eates que font ceux qui sont les patrons de l\u2019industrie de l\u2019armement, qui fabriquent les armes, les armes qui finissent l\u00e0. L\u2019enfant malade, affam\u00e9, dans un camp de r\u00e9fugi\u00e9s et les grandes f\u00eates, la belle vie que m\u00e8nent ceux qui fabriquent les armes \u00bb. \u00ab Que se passe-t-il dans notre c\u0153ur ?\u00a0<\/i>\u00bb, a-t-il r\u00e9p\u00e9t\u00e9. L\u2019ap\u00f4tre Jacques, a dit le Pape, nous donne un conseil simple : \u00ab\u00a0<i>Rapprochez-vous de Dieu et il se rapprochera de vous\u00a0<\/i>\u00bb. Le Pape a donc pr\u00e9venu que \u00ab\u00a0<i>cet esprit de guerre, qui nous \u00e9loigne de Dieu, n\u2019est pas seulement loin de nous<\/i>\u00a0\u00bb mais il est aussi \u00ab<i>\u00a0chez nous\u00a0<\/i>\u00bb :<\/p>\n<p>\u00ab<i>\u00a0Combien de familles sont-elles d\u00e9truites parce que le papa et la maman n\u2019ont pas \u00e9t\u00e9 capables de trouver la voie de la paix et pr\u00e9f\u00e8rent la guerre ?&#8230;La guerre nous d\u00e9truit ! D\u2019o\u00f9 proviennent les guerres et les litiges parmi vous ? Ne viennent-elles peut-\u00eatre pas de vos passions ? Dans le c\u0153ur ! Moi, je vous propose aujourd\u2019hui de prier pour la paix, pour cette paix qui ne semble \u00eatre devenue qu\u2019une parole, rien de plus. Pour que cette parole ait la capacit\u00e9 d\u2019agir, suivons le conseil de l\u2019ap\u00f4tre Jacques : \u00ab Reconnaissez votre mis\u00e8re !\u00a0<\/i>\u00bb.<\/p>\n<p>Cette mis\u00e8re, a-t-il poursuivi, d\u2019o\u00f9 proviennent les guerres : \u00ab\u00a0<i>Les guerres dans les familles, les guerres dans le quartier, les guerres partout\u00a0<\/i>\u00bb. \u00ab\u00a0<i>Qui de nous a pleur\u00e9<\/i>&#8211; a-t-il encore demand\u00e9-\u00a0<i>lorsqu\u2019il lit un journal, lorsqu\u2019 il voit ces images \u00e0 la t\u00e9l\u00e9 ? Tellement de morts<\/i>\u00a0\u00bb. \u00ab\u00a0<i>Vos disputes,\u00a0<\/i>a-t-il dit<i>\u00a0,<\/i>\u00a0en reprenant l\u2019ap\u00f4tre Jacques<i>&#8211; se transforment en deuil et votre gaiet\u00e9 en tristesse\u2026<\/i>\u00a0\u00bb Ceci, a-t-il dit, \u00ab\u00a0<i>c\u2019est ce que doit faire, aujourd\u2019hui 25 f\u00e9vrier, un chr\u00e9tien devant tant de guerres, partout : &#8216;Pleurer, \u00eatre en deuil, s\u2019humilier\u00a0<\/i>&#8216;. \u00bb \u00ab\u00a0<i>Que le Seigneur<\/i>&#8211; a-t-il conclu &#8211;\u00a0<i>nous fasse comprendre ceci et nous emp\u00eache de nous accoutumer \u00e0 des nouvelles de guerre<\/i>\u00a0\u00bb.<\/p>\n<p>Radio Vatican<\/p>\n","protected":false},"excerpt":{"rendered":"<p>Des enfants affam\u00e9s dans les camps de r\u00e9fugi\u00e9s, alors que les fabricants d\u2019armes font la f\u00eate dans les salons mondains. C\u2019est l\u2019image forte que le Pape Fran\u00e7ois a \u00e9voqu\u00e9e lors de la messe c\u00e9l\u00e9br\u00e9e ce mardi matin en la chapelle de la maison Sainte-Marthe. Toute l\u2019hom\u00e9lie du Souverain Pontife \u00e9tait un appel fort pour la [&hellip;]<\/p>\n","protected":false},"author":43,"featured_media":0,"comment_status":"open","ping_status":"open","sticky":false,"template":"","format":"standard","meta":{"_links_to":"","_links_to_target":""},"categories":[271,1185],"tags":[],"_links":{"self":[{"href":"https:\/\/seletlumieretv.org\/blogue\/wp-json\/wp\/v2\/posts\/12143"}],"collection":[{"href":"https:\/\/seletlumieretv.org\/blogue\/wp-json\/wp\/v2\/posts"}],"about":[{"href":"https:\/\/seletlumieretv.org\/blogue\/wp-json\/wp\/v2\/types\/post"}],"author":[{"embeddable":true,"href":"https:\/\/seletlumieretv.org\/blogue\/wp-json\/wp\/v2\/users\/43"}],"replies":[{"embeddable":true,"href":"https:\/\/seletlumieretv.org\/blogue\/wp-json\/wp\/v2\/comments?post=12143"}],"version-history":[{"count":1,"href":"https:\/\/seletlumieretv.org\/blogue\/wp-json\/wp\/v2\/posts\/12143\/revisions"}],"predecessor-version":[{"id":12145,"href":"https:\/\/seletlumieretv.org\/blogue\/wp-json\/wp\/v2\/posts\/12143\/revisions\/12145"}],"wp:attachment":[{"href":"https:\/\/seletlumieretv.org\/blogue\/wp-json\/wp\/v2\/media?parent=12143"}],"wp:term":[{"taxonomy":"category","embeddable":true,"href":"https:\/\/seletlumieretv.org\/blogue\/wp-json\/wp\/v2\/categories?post=12143"},{"taxonomy":"post_tag","embeddable":true,"href":"https:\/\/seletlumieretv.org\/blogue\/wp-json\/wp\/v2\/tags?post=12143"}],"curies":[{"name":"wp","href":"https:\/\/api.w.org\/{rel}","templated":true}]}}