{"id":12122,"date":"2014-02-23T10:33:48","date_gmt":"2014-02-23T15:33:48","guid":{"rendered":"http:\/\/seletlumieretv.org\/blogue\/?p=12122"},"modified":"2014-02-24T09:01:28","modified_gmt":"2014-02-24T14:01:28","slug":"homelie-du-pape-un-cardinal-entre-dans-leglise-de-rome-il-nentre-pas-dans-une-cour","status":"publish","type":"post","link":"https:\/\/seletlumieretv.org\/blogue\/homelie\/homelie-du-pape-un-cardinal-entre-dans-leglise-de-rome-il-nentre-pas-dans-une-cour","title":{"rendered":"Hom\u00e9lie du Pape : un cardinal \u00ab entre dans l\u2019\u00c9glise de Rome, il n\u2019entre pas dans une cour \u00bb"},"content":{"rendered":"<p><iframe width=\"610\" height=\"343\" src=\"\/\/www.youtube.com\/embed\/j1B_J5j6EY0\" frameborder=\"0\" allowfullscreen><\/iframe><\/p>\n<p><iframe width=\"610\" height=\"343\" src=\"\/\/www.youtube.com\/embed\/oHPXVeNqUP4\" frameborder=\"0\" allowfullscreen><\/iframe><\/p>\n<p><a href=\"http:\/\/seletlumieretv.org\/blogue\/wp-content\/1_0_775791.jpg\"><img loading=\"lazy\" class=\"alignleft size-full wp-image-12123\" alt=\"1_0_775791\" src=\"http:\/\/seletlumieretv.org\/blogue\/wp-content\/1_0_775791.jpg\" width=\"250\" height=\"206\" \/><\/a>Le Pape Fran\u00e7ois a pr\u00e9sid\u00e9 ce dimanche matin la messe en la basilique Saint-Pierre, au Vatican, entour\u00e9 des nouveaux cardinaux cr\u00e9\u00e9s la veille. Dans son hom\u00e9lie, le Saint-P\u00e8re a rappel\u00e9 qu\u2019 \u00ab\u00a0<i>\u00eatre saints n\u2019est pas un luxe, c\u2019est n\u00e9cessaire pour le salut du monde\u00a0<\/i>\u00bb. Il a \u00e9galement soulign\u00e9 qu\u2019un cardinal \u00ab<i>\u00a0entre dans l\u2019\u00c9glise de Rome, il n\u2019entre pas dans une cour\u00a0<\/i>\u00bb.<\/p>\n<p>\u00ab\u00a0<i>Tous \u00e9vitons et entraidons-nous pour \u00e9viter des habitudes et des comportements de cour : intrigues, bavardages, cercles, favoritismes, pr\u00e9f\u00e9rences\u00a0<\/i>\u00bb. Le Pape a ainsi invit\u00e9 \u00e0 faire \u00ab\u00a0<i>un travail de conversion des c\u0153urs\u00a0<\/i>\u00bb. Conversion a-t-il dit \u00ab\u00a0<i>que nous tous, en particulier vous les cardinaux et moi-m\u00eame, nous devons faire<\/i>\u00a0\u00bb.<\/p>\n<p><b>Traduction de l&#8217;hom\u00e9lie en fran\u00e7ais<\/b><\/p>\n<p>\u00ab Que ton aide, P\u00e8re mis\u00e9ricordieux, nous rende toujours attentifs \u00e0 la voix de l\u2019Esprit \u00bb. (Collecte)<br \/>\nCette pri\u00e8re, prononc\u00e9e au d\u00e9but de la Messe, nous appelle \u00e0 une attitude fondamentale : l\u2019\u00e9coute de l\u2019Esprit Saint, qui vivifie l\u2019\u00c9glise et l\u2019anime. Par sa force cr\u00e9atrice et r\u00e9novatrice, l\u2019Esprit soutient toujours l\u2019esp\u00e9rance du Peuple de Dieu en marche dans l\u2019histoire, et soutient toujours, comme Paraclet, le t\u00e9moignage des chr\u00e9tiens.\u00a0<!--more--><\/p>\n<p>En ce moment, nous tous, avec les nouveaux Cardinaux, nous voulons \u00e9couter la voix de l\u2019Esprit qui parle \u00e0 travers les \u00c9critures proclam\u00e9es.<br \/>\nDans la premi\u00e8re Lecture a r\u00e9sonn\u00e9 l\u2019appel du Seigneur \u00e0 son peuple : \u00ab Soyez saints, car moi, le Seigneur votre Dieu, je suis saint \u00bb (Lv 19, 2). Et J\u00e9sus dans l\u2019\u00c9vangile rappelle : \u00ab Vous donc, soyez parfaits comme votre P\u00e8re c\u00e9leste est parfait \u00bb (Mt 5, 48). Ces paroles nous interpellent tous, disciples du Seigneur ; et aujourd\u2019hui, elles sont adress\u00e9es sp\u00e9cialement \u00e0 moi et \u00e0 vous, chers fr\u00e8res Cardinaux, d\u2019une mani\u00e8re particuli\u00e8re \u00e0 vous qui \u00eates entr\u00e9s hier dans le Coll\u00e8ge cardinalice. Imiter la saintet\u00e9 et la perfection de Dieu peut sembler un but inaccessible.<\/p>\n<p>Cependant, la premi\u00e8re Lecture et l\u2019\u00c9vangile sugg\u00e8rent des exemples concrets afin que le comportement de Dieu devienne la r\u00e8gle de notre agir. Mais rappelons-nous que sans l\u2019Esprit Saint, notre effort serait vain ! La saintet\u00e9 chr\u00e9tienne n\u2019est pas avant tout notre \u0153uvre, mais elle est le fruit de la docilit\u00e9 \u2013 voulue et cultiv\u00e9e \u2013 \u00e0 l\u2019Esprit de Dieu trois fois Saint.<br \/>\nLe L\u00e9vitique dit : \u00ab Tu ne ha\u00efras pas ton fr\u00e8re dans ton c\u0153ur\u2026 Tu ne te vengeras pas et tu ne garderas pas de rancune\u2026 mais tu aimeras ton prochain\u2026 \u00bb (19, 17-18).<\/p>\n<p>Ces attitudes naissent de la saintet\u00e9 de Dieu. Nous au contraire nous sommes si diff\u00e9rents, si \u00e9go\u00efstes et orgueilleux\u2026 pourtant la bont\u00e9 et la beaut\u00e9 de Dieu nous attirent, et l\u2019Esprit Saint peut nous purifier, il peut nous transformer, il peut nous modeler jour apr\u00e8s jour. Faire ce travail de conversion des c\u0153urs. Conversion que nous tous, en particulier vous les cardinaux et moi-m\u00eame, nous devons faire.<\/p>\n<p>Dans l\u2019\u00c9vangile, J\u00e9sus aussi nous parle de la saintet\u00e9 et nous explique la loi nouvelle, la sienne. Il le fait au moyen de quelques antith\u00e8ses entre la justice imparfaite des scribes et des pharisiens et la justice sup\u00e9rieure du Royaume de Dieu. La premi\u00e8re antith\u00e8se du passage d\u2019aujourd\u2019hui concerne la vengeance. \u00ab Vous avez appris qu\u2019il a \u00e9t\u00e9 dit : \u201c\u0152il pour \u0153il, dent pour dent\u201d. Eh bien ! moi, je vous dis : \u2026 si quelqu\u2019un te gifle sur la joue droite, tends-lui encore l\u2019autre \u00bb (Mt 5, 38-39). Non seulement nous ne devons pas rendre \u00e0 l\u2019autre le mal qu\u2019il nous a fait, mais nous devons nous efforcer de faire le bien avec largesse.<\/p>\n<p>La seconde antith\u00e8se fait r\u00e9f\u00e9rence aux ennemis : \u00ab Vous avez appris qu\u2019il a \u00e9t\u00e9 dit : \u201cTu aimeras ton prochain et tu ha\u00efras ton ennemi\u201d. Eh bien ! moi, je vous dis : Aimez vos ennemis, et priez pour ceux qui vous pers\u00e9cutent \u00bb (v. 43-44). \u00c0 celui qui veut le suivre, J\u00e9sus demande d\u2019aimer celui que ne le m\u00e9rite pas, sans contrepartie, pour combler les vides d\u2019amour qu\u2019il y a dans les c\u0153urs, dans les relations humaines, dans les familles, dans les communaut\u00e9s, dans le monde. J\u00e9sus n\u2019est pas venu pour nous enseigner les bonnes mani\u00e8res, des mani\u00e8res de salon ! Pour cela il n\u2019y avait pas besoin qu\u2019il descende du ciel et meure sur la Croix.<\/p>\n<p>Le Christ est venu pour nous sauver, pour nous montrer le chemin, l\u2019unique chemin de sortie des sables mouvants du p\u00e9ch\u00e9, et ce chemin de saintet\u00e9 c\u2019est la mis\u00e9ricorde. \u00catre saints n\u2019est pas un luxe, c\u2019est n\u00e9cessaire pour le salut du monde. C\u2019est ce que nous demande le Seigneur.<br \/>\nChers fr\u00e8res Cardinaux, le Seigneur J\u00e9sus et notre M\u00e8re l\u2019\u00c9glise nous demandent de t\u00e9moigner avec beaucoup de z\u00e8le et d\u2019ardeur de ces attitudes de saintet\u00e9. La saintet\u00e9 d\u2019un Cardinal consiste vraiment en ce suppl\u00e9ment d\u2019oblativit\u00e9 gratuite.<\/p>\n<p>Par cons\u00e9quent, aimons ceux qui nous sont hostiles ; b\u00e9nissons celui qui dit du mal de nous ; saluons d\u2019un sourire celui qui peut-\u00eatre ne le m\u00e9rite pas ; n\u2019aspirons pas \u00e0 nous faire valoir, mais opposons la douceur \u00e0 la tyrannie ; oublions les humiliations subies. Laissons-nous toujours guider par l\u2019Esprit du Christ, qui s\u2019est sacrifi\u00e9 lui-m\u00eame sur la croix, pour que nous puissions \u00eatre des \u201ccanaux\u201d par lesquels s\u2019\u00e9coule sa charit\u00e9.<\/p>\n<p>C\u2019est l\u2019attitude, ce doit \u00eatre la conduite d\u2019un Cardinal. Le Cardinal entre dans l\u2019\u00c9glise de Rome, il n\u2019entre pas dans une cour. Tous \u00e9vitons et entraidons-nous pour \u00e9viter des habitudes et des comportements de cour : intrigues, bavardages, cercles, favoritismes, pr\u00e9f\u00e9rences. Que notre langage soit celui de l\u2019\u00c9vangile : \u201coui, oui; non, non\u201d; nos attitudes celles des B\u00e9atitudes, et notre route celle de la saintet\u00e9.<\/p>\n<p>L\u2019Esprit Saint nous parle aujourd\u2019hui aussi \u00e0 travers les paroles de saint Paul : \u00ab Vous \u00eates le temple de Dieu\u2026 le temple de Dieu est sacr\u00e9, et ce temple c\u2019est vous \u00bb (1 Co 3, 16-17). Dans ce temple, que nous sommes, se c\u00e9l\u00e8bre une liturgie existentielle : celle de la bont\u00e9, du pardon, du service, en un mot, la liturgie de l\u2019amour. Notre temple est comme profan\u00e9 si nous n\u00e9gligeons nos devoirs envers le prochain.<\/p>\n<p>Quand dans notre c\u0153ur le plus petit de nos fr\u00e8res trouve place, c\u2019est Dieu lui-m\u00eame qui y trouve place. Quand ce fr\u00e8re est laiss\u00e9 dehors, c\u2019est Dieu lui-m\u00eame qui n\u2019est pas accueilli. Un c\u0153ur vide d\u2019amour est comme une \u00e9glise d\u00e9saffect\u00e9e, soustraite au service divin et destin\u00e9e \u00e0 un autre.<\/p>\n<p>Chers fr\u00e8res Cardinaux, restons unis dans le Christ et entre nous ! Je vous demande de me demeurer proche, par la pri\u00e8re, le conseil, la collaboration. Et vous tous, \u00e9v\u00eaques, pr\u00eatres, diacres, personnes consacr\u00e9es et la\u00efcs, unissez-vous dans l\u2019invocation de l\u2019Esprit Saint, afin que le Coll\u00e8ge des Cardinaux soit toujours plus ardent de charit\u00e9 pastorale, davantage rempli de saintet\u00e9, pour servir l\u2019\u00c9vangile et aider l\u2019\u00c9glise \u00e0 rayonner l\u2019amour du Christ dans le monde.<\/p>\n<p><em>Radio Vatican<\/em><\/p>\n","protected":false},"excerpt":{"rendered":"<p>Le Pape Fran\u00e7ois a pr\u00e9sid\u00e9 ce dimanche matin la messe en la basilique Saint-Pierre, au Vatican, entour\u00e9 des nouveaux cardinaux cr\u00e9\u00e9s la veille. Dans son hom\u00e9lie, le Saint-P\u00e8re a rappel\u00e9 qu\u2019 \u00ab\u00a0\u00eatre saints n\u2019est pas un luxe, c\u2019est n\u00e9cessaire pour le salut du monde\u00a0\u00bb. Il a \u00e9galement soulign\u00e9 qu\u2019un cardinal \u00ab\u00a0entre dans l\u2019\u00c9glise de Rome, [&hellip;]<\/p>\n","protected":false},"author":43,"featured_media":0,"comment_status":"open","ping_status":"open","sticky":false,"template":"","format":"standard","meta":{"_links_to":"","_links_to_target":""},"categories":[271,1185],"tags":[],"_links":{"self":[{"href":"https:\/\/seletlumieretv.org\/blogue\/wp-json\/wp\/v2\/posts\/12122"}],"collection":[{"href":"https:\/\/seletlumieretv.org\/blogue\/wp-json\/wp\/v2\/posts"}],"about":[{"href":"https:\/\/seletlumieretv.org\/blogue\/wp-json\/wp\/v2\/types\/post"}],"author":[{"embeddable":true,"href":"https:\/\/seletlumieretv.org\/blogue\/wp-json\/wp\/v2\/users\/43"}],"replies":[{"embeddable":true,"href":"https:\/\/seletlumieretv.org\/blogue\/wp-json\/wp\/v2\/comments?post=12122"}],"version-history":[{"count":2,"href":"https:\/\/seletlumieretv.org\/blogue\/wp-json\/wp\/v2\/posts\/12122\/revisions"}],"predecessor-version":[{"id":12128,"href":"https:\/\/seletlumieretv.org\/blogue\/wp-json\/wp\/v2\/posts\/12122\/revisions\/12128"}],"wp:attachment":[{"href":"https:\/\/seletlumieretv.org\/blogue\/wp-json\/wp\/v2\/media?parent=12122"}],"wp:term":[{"taxonomy":"category","embeddable":true,"href":"https:\/\/seletlumieretv.org\/blogue\/wp-json\/wp\/v2\/categories?post=12122"},{"taxonomy":"post_tag","embeddable":true,"href":"https:\/\/seletlumieretv.org\/blogue\/wp-json\/wp\/v2\/tags?post=12122"}],"curies":[{"name":"wp","href":"https:\/\/api.w.org\/{rel}","templated":true}]}}