{"id":12119,"date":"2014-02-22T09:18:21","date_gmt":"2014-02-22T14:18:21","guid":{"rendered":"http:\/\/seletlumieretv.org\/blogue\/?p=12119"},"modified":"2014-02-22T09:18:21","modified_gmt":"2014-02-22T14:18:21","slug":"homelie-du-pape-francois-pour-le-consistoire","status":"publish","type":"post","link":"https:\/\/seletlumieretv.org\/blogue\/homelie\/homelie-du-pape-francois-pour-le-consistoire","title":{"rendered":"Hom\u00e9lie du Pape Fran\u00e7ois pour le Consistoire"},"content":{"rendered":"<p><iframe width=\"610\" height=\"343\" src=\"\/\/www.youtube.com\/embed\/6SedUjR0hLA\" frameborder=\"0\" allowfullscreen><\/iframe><\/p>\n<p><a href=\"http:\/\/seletlumieretv.org\/blogue\/wp-content\/consistory1.jpg\"><img loading=\"lazy\" class=\"aligncenter size-full wp-image-12120\" alt=\"consistory1\" src=\"http:\/\/seletlumieretv.org\/blogue\/wp-content\/consistory1.jpg\" width=\"610\" height=\"343\" srcset=\"https:\/\/seletlumieretv.org\/blogue\/wp-content\/consistory1.jpg 610w, https:\/\/seletlumieretv.org\/blogue\/wp-content\/consistory1-300x168.jpg 300w\" sizes=\"(max-width: 610px) 100vw, 610px\" \/><\/a>Un Consistoire ordinaire public pr\u00e9sid\u00e9 par le Pape Fran\u00e7ois pour la cr\u00e9ation de 19 nouveaux cardinaux s&#8217;est d\u00e9roul\u00e9 ce samedi matin en la Basilique Saint-Pierre, en pr\u00e9sence du Pape \u00e9m\u00e9rite Beno\u00eet XVI. L&#8217;un des nouveaux cardinaux, l\u2019ancien secr\u00e9taire de Jean XXIII, Loris Capovilla, \u00e9tait absent \u00e0 cause de son grand \u00e2ge. Une c\u00e9r\u00e9monie sera organis\u00e9e le 1er mars prochain \u00e0 Sotto il Monte, une \u00e9glise tr\u00e8s symbolique puisque le \u00ab bon Pape \u00bb en posa la premi\u00e8re pierre. Dans la basilique, \u00e9taient pr\u00e9sentes les d\u00e9l\u00e9gations officielles \u00e9videmment des 15 nations d\u2019origine des cardinaux, en pr\u00e9sence notamment des pr\u00e9sidents du Br\u00e9sil et d\u2019Ha\u00efti, Dilma Rousseff et Michel Martelly.<\/p>\n<p>Durant la c\u00e9r\u00e9monie, chaque nouveau cardinal s&#8217;est approch\u00e9 du pape, s&#8217;agenouillant devant lui pour recevoir la barrette (coiffe rouge \u00e0 quatre bords), l&#8217;anneau cardinalice et son titre, chaque nouvel \u00e9lu recevant en effet symboliquement la charge d&#8217;une des centaines d&#8217;\u00e9glises de l&#8217;agglom\u00e9ration romaine. De Ouagadougou, d&#8217;Abidjan, des Cayes en Ha\u00efti, de Cotabato aux Philippines, de Managua, de Castries (Sainte-Lucie) aux Antilles, de P\u00e9rouse au centre de l&#8217;Italie, plusieurs des nouveaux cardinaux sont venus de villes des \u00ab p\u00e9riph\u00e9ries \u00bb, comme aime \u00e0 le d\u00e9finir le pape Fran\u00e7ois.<\/p>\n<p>Seize nouveaux \u00e9lecteurs (moins de 80 ans, en cas de Conclave) entrent au Sacr\u00e9 coll\u00e8ge, et trois autres sont des nouveaux cardinaux \u00e9m\u00e9rites sans droit de vote, \u00e0 l&#8217;issue de ce premier consistoire du pape Fran\u00e7ois, \u00e9lu le 13 mars dernier.<br \/>\nLe Pape Fran\u00e7ois avait auparavant tenu une tr\u00e8s belle hom\u00e9lie sur la mission des cardinaux. En voici le texte int\u00e9gral en fran\u00e7ais:<\/p>\n<blockquote><p>\u00ab J\u00e9sus marchait devant eux\u2026 \u00bb (Mc 10,32)<\/p>\n<p>J\u00e9sus marche devant nous aussi, en ce moment. Il est toujours devant nous. Il nous pr\u00e9c\u00e8de et nous ouvre la voie\u2026 Et c\u2019est notre confiance et notre joie : \u00eatre ses disciples, demeurer avec lui, marcher derri\u00e8re lui, le suivre\u2026<!--more--><\/p>\n<p>Quand nous avons c\u00e9l\u00e9br\u00e9 ensemble la premi\u00e8re Messe dans la Chapelle Sixtine, \u00ab marcher \u00bb a \u00e9t\u00e9 la premi\u00e8re parole que le Seigneur nous a propos\u00e9e : marcher, et ensuite construire et confesser.<\/p>\n<p>Aujourd\u2019hui cette parole revient, mais comme un acte, comme l\u2019action de J\u00e9sus qui continue : \u00ab J\u00e9sus marchait\u2026 \u00bb. Cela nous frappe dans les \u00c9vangiles : J\u00e9sus marche beaucoup, il instruit les siens au long du chemin. C\u2019est important. J\u00e9sus n\u2019est pas venu pour enseigner une philosophie, une id\u00e9ologie\u2026 mais une \u00ab voie \u00bb, une route \u00e0 parcourir avec lui, et la route s\u2019apprend en la faisant, en marchant. Oui, chers Fr\u00e8res, voil\u00e0 notre joie : marcher avec J\u00e9sus.<\/p>\n<p>Mais ce n\u2019est pas facile, ce n\u2019est pas confortable, parce que la route que J\u00e9sus choisit est celle de la Croix. Alors qu\u2019ils sont en chemin, il parle \u00e0 ses disciples de ce qui va arriver \u00e0 J\u00e9rusalem : il annonce sa passion, sa mort et sa r\u00e9surrection. Alors ils sont \u00ab stup\u00e9faits \u00bb et \u00ab remplis de crainte \u00bb. Stup\u00e9faits, bien s\u00fbr, parce que, pour eux, monter \u00e0 J\u00e9rusalem voulait dire participer au triomphe du Messie, \u00e0 sa victoire \u2013 on le voit ensuite dans la demande de Jacques et de Jean ; et remplis de crainte pour ce que J\u00e9sus allait devoir subir, et aussi pour ce que eux risquaient de subir.<\/p>\n<p>A la diff\u00e9rence des disciples d\u2019alors, nous savons que J\u00e9sus a vaincu, et nous ne devrions pas avoir peur de la Croix ; bien plus, dans la Croix nous avons notre esp\u00e9rance. Cependant, nous sommes nous aussi humains, p\u00e9cheurs, et nous sommes expos\u00e9s \u00e0 la tentation de penser \u00e0 la mani\u00e8re des hommes et non de Dieu.<\/p>\n<p>Et quand on pense \u00e0 la mani\u00e8re du monde, quel est la cons\u00e9quence ? \u00ab Les dix autres se mirent \u00e0 s\u2019indigner contre Jacques et Jean \u00bb (v. 41). Ils s\u2019indignent. Si la mentalit\u00e9 du monde prend le dessus, surgissent les rivalit\u00e9s, les jalousies, les factions \u2026<br \/>\nAlors, cette parole que le Seigneur nous adresse aujourd\u2019hui est tr\u00e8s salutaire ! Elle nous purifie int\u00e9rieurement, elle fait la lumi\u00e8re dans nos consciences, elle nous aide \u00e0 nous mettre pleinement en accord avec J\u00e9sus, et \u00e0 le faire ensemble, au moment o\u00f9 le Coll\u00e8ge des Cardinaux s\u2019agrandit par l\u2019entr\u00e9e de nouveaux membres.<\/p>\n<p>\u00ab J\u00e9sus les appela pr\u00e8s de lui\u2026 \u00bb (Mc 10,42). Voici l\u2019autre geste du Seigneur. Le long du chemin, il se rend compte qu\u2019il y a besoin de parler aux douze, il s\u2019arr\u00eate et les appelle \u00e0 lui. Fr\u00e8res, laissons le Seigneur J\u00e9sus nous appeler \u00e0 lui ! Laissons-nous convoquer par lui. Et \u00e9coutons-le, dans la joie d\u2019accueillir ensemble sa Parole, de nous laisser instruire par elle et par le Saint Esprit, pour devenir toujours plus un seul c\u0153ur et une seule \u00e2me, autour de lui.<\/p>\n<p>Et alors que nous sommes ainsi convoqu\u00e9s, \u00ab appel\u00e9s pr\u00e8s de lui \u00bb par notre unique Ma\u00eetre, moi aussi je vous dis ce dont l\u2019\u00c9glise a besoin : elle a besoin de vous, de votre collaboration, et plus encore de votre communion, communion avec moi et entre vous. L\u2019\u00c9glise a\u00a0 besoin de votre courage, pour annoncer l\u2019\u00c9vangile en toute occasion, opportune ou inopportune, et pour rendre t\u00e9moignage \u00e0 la v\u00e9rit\u00e9. L\u2019\u00c9glise a besoin de votre pri\u00e8re pour le bon cheminement du troupeau du Christ, la pri\u00e8re qui, avec l\u2019annonce de la Parole, est la premi\u00e8re t\u00e2che de l\u2019\u00c9v\u00eaque. L\u2019\u00c9glise a besoin de votre compassion surtout en ce moment de douleur et de souffrance dans de nombreux pays du monde. Nous voulons exprimer notre proximit\u00e9 spirituelle \u00e0 toutes les communaut\u00e9s eccl\u00e9siales et \u00e0 tous les chr\u00e9tiens qui souffrent de discriminations et de pers\u00e9cutions. L\u2019\u00c9glise a besoin de notre pri\u00e8re pour eux, afin qu\u2019ils soient forts dans la foi et qu\u2019ils sachent r\u00e9agir au mal par le bien. Et notre pri\u00e8re s\u2019\u00e9tend \u00e0 tout homme et \u00e0 toute femme qui subit l\u2019injustice \u00e0 cause de ses convictions religieuses.<\/p>\n<p>L\u2019\u00c9glise a besoin de nous aussi pour que nous soyons des hommes de paix et fassions la paix par nos \u0153uvres, nos d\u00e9sirs, nos pri\u00e8res : pour cela invoquons la paix et la r\u00e9conciliation pour les peuples qui en ces temps sont \u00e9prouv\u00e9s par la violence et par la guerre.<\/p>\n<p>Merci, Fr\u00e8res tr\u00e8s chers ! Marchons ensemble derri\u00e8re le Seigneur, et laissons-nous toujours davantage convoquer par lui, au milieu du peuple fid\u00e8le, de la sainte M\u00e8re \u00c9glise.<\/p><\/blockquote>\n","protected":false},"excerpt":{"rendered":"<p>Un Consistoire ordinaire public pr\u00e9sid\u00e9 par le Pape Fran\u00e7ois pour la cr\u00e9ation de 19 nouveaux cardinaux s&#8217;est d\u00e9roul\u00e9 ce samedi matin en la Basilique Saint-Pierre, en pr\u00e9sence du Pape \u00e9m\u00e9rite Beno\u00eet XVI. L&#8217;un des nouveaux cardinaux, l\u2019ancien secr\u00e9taire de Jean XXIII, Loris Capovilla, \u00e9tait absent \u00e0 cause de son grand \u00e2ge. Une c\u00e9r\u00e9monie sera organis\u00e9e [&hellip;]<\/p>\n","protected":false},"author":43,"featured_media":0,"comment_status":"open","ping_status":"open","sticky":false,"template":"","format":"standard","meta":{"_links_to":"","_links_to_target":""},"categories":[271,1185],"tags":[],"_links":{"self":[{"href":"https:\/\/seletlumieretv.org\/blogue\/wp-json\/wp\/v2\/posts\/12119"}],"collection":[{"href":"https:\/\/seletlumieretv.org\/blogue\/wp-json\/wp\/v2\/posts"}],"about":[{"href":"https:\/\/seletlumieretv.org\/blogue\/wp-json\/wp\/v2\/types\/post"}],"author":[{"embeddable":true,"href":"https:\/\/seletlumieretv.org\/blogue\/wp-json\/wp\/v2\/users\/43"}],"replies":[{"embeddable":true,"href":"https:\/\/seletlumieretv.org\/blogue\/wp-json\/wp\/v2\/comments?post=12119"}],"version-history":[{"count":1,"href":"https:\/\/seletlumieretv.org\/blogue\/wp-json\/wp\/v2\/posts\/12119\/revisions"}],"predecessor-version":[{"id":12121,"href":"https:\/\/seletlumieretv.org\/blogue\/wp-json\/wp\/v2\/posts\/12119\/revisions\/12121"}],"wp:attachment":[{"href":"https:\/\/seletlumieretv.org\/blogue\/wp-json\/wp\/v2\/media?parent=12119"}],"wp:term":[{"taxonomy":"category","embeddable":true,"href":"https:\/\/seletlumieretv.org\/blogue\/wp-json\/wp\/v2\/categories?post=12119"},{"taxonomy":"post_tag","embeddable":true,"href":"https:\/\/seletlumieretv.org\/blogue\/wp-json\/wp\/v2\/tags?post=12119"}],"curies":[{"name":"wp","href":"https:\/\/api.w.org\/{rel}","templated":true}]}}