{"id":12113,"date":"2014-02-20T09:41:21","date_gmt":"2014-02-20T14:41:21","guid":{"rendered":"http:\/\/seletlumieretv.org\/blogue\/?p=12113"},"modified":"2014-02-20T09:42:17","modified_gmt":"2014-02-20T14:42:17","slug":"pour-suivre-jesus-connaitre-le-catechisme-nest-pas-suffisant","status":"publish","type":"post","link":"https:\/\/seletlumieretv.org\/blogue\/homelie\/pour-suivre-jesus-connaitre-le-catechisme-nest-pas-suffisant","title":{"rendered":"\u00ab Pour suivre J\u00e9sus, conna\u00eetre le cat\u00e9chisme n&#8217;est pas suffisant \u00bb"},"content":{"rendered":"<p><iframe width=\"610\" height=\"343\" src=\"\/\/www.youtube.com\/embed\/tbiaHjnKSjo\" frameborder=\"0\" allowfullscreen><\/iframe><\/p>\n<p><a href=\"http:\/\/seletlumieretv.org\/blogue\/wp-content\/1_0_774909.jpg\"><img loading=\"lazy\" class=\"alignleft size-full wp-image-12114\" alt=\"1_0_774909\" src=\"http:\/\/seletlumieretv.org\/blogue\/wp-content\/1_0_774909.jpg\" width=\"250\" height=\"166\" \/><\/a>Pour r\u00e9pondre \u00e0 la question pos\u00e9e par le Christ lui-m\u00eame sur ce qu\u2019Il est pour chacun de nous \u00ab\u00a0<i>ce que nous avons appris et \u00e9tudi\u00e9 dans le cat\u00e9chisme n\u2019est pas suffisant, m\u00eame s\u2019il reste important d\u2019\u00e9tudier et de savoir, mais ce n\u2019est pas suffisant\u00a0<\/i>\u00bb. Le Pape Fran\u00e7ois , ce jeudi matin, dans l\u2019hom\u00e9lie de la messe c\u00e9l\u00e9br\u00e9e \u00e0 la Maison Sainte Marthe, rappelait ainsi l\u2019importance du \u00ab\u00a0<i>c\u0153ur<\/i>\u00a0\u00bb dans le rapport des croyants avec J\u00e9sus.<\/p>\n<p>Commentant la lecture de l\u2019Evangile du jour, le Pape a soulign\u00e9 que \u00ab\u00a0<i>pour conna\u00eetre J\u00e9sus il est n\u00e9cessaire de parcourir le chemin de Pierre\u00a0<\/i>\u00bb, qui \u00ab\u00a0<i>apr\u00e8s l\u2019humiliation que lui a fait subir J\u00e9sus qui le compare \u00e0 Satan, \u00e0 cause de sa mani\u00e8re de raisonner \u2018selon les hommes\u2019, \u00ab a suivi J\u00e9sus, a vu les miracles que J\u00e9sus accomplissait, a vu son pouvoir, puis a pay\u00e9 les taxes, comme J\u00e9sus le lui avait dit, a p\u00e9ch\u00e9 un poisson, et vu tellement de miracles de ce genre<\/i>.\u00bb \u00ab\u00a0<i>Mais, \u00e0 un certain moment<\/i>, a ajout\u00e9 le Pape Fran\u00e7ois,\u00a0<i>Pierre a reni\u00e9 J\u00e9sus, il a trahi J\u00e9sus, et il a appris cette si difficile science, ou mieux, cette sagesse des larmes et des pleurs\u00a0<\/i>\u00bb.<\/p>\n<p><b>Il faut adopter un parcours de disciple<\/b><\/p>\n<blockquote><p>\u00ab\u00a0Cette premi\u00e8re question : \u2018Qui suis-je pour vous, pour toi ?\u2019 adress\u00e9e \u00e0 Pierre, peut se comprendre seulement chemin faisant, apr\u00e8s une longue route, faite de gr\u00e2ce et de p\u00e9ch\u00e9, un parcours de disciple. J\u00e9sus \u00e0 Pierre et \u00e0 ses disciples n\u2019a pas dit : \u2018Fais ma connaissance\u2019, non il a dit \u2018Suis-moi\u2019. C\u2019est en suivant J\u00e9sus que l\u2019on peut conna\u00eetre J\u00e9sus. Pour suivre J\u00e9sus avec nos vertus, mais aussi nos p\u00e9ch\u00e9s, mais suivre toujours J\u00e9sus, ce n\u2019est pas \u00e9tudier les choses que nous avons besoin mais bien d\u2019une vie de disciple\u00a0\u00bb.<\/p>\n<p>\u00ab\u00a0Conna\u00eetre J\u00e9sus, a encore d\u00e9clar\u00e9 le Pape,\u00a0est un don du P\u00e8re. C\u2019est Lui qui nous fait conna\u00eetre J\u00e9sus ; c\u2019est une \u0153uvre de l\u2019Esprit Saint, qui est un grand travailleur. Ce n\u2019est pas un syndicaliste, c\u2019est un grand travailleur et il travaille en nous, toujours. Il r\u00e9alise ce travail de nous expliquer le myst\u00e8re de J\u00e9sus, et de nous donner ce sens du Christ. Regardons J\u00e9sus, Pierre, les ap\u00f4tres, et entendons dans notre c\u0153ur cette question :\u2019Qui suis-je pour toi ? \u2018\u00a0\u00bb.<\/p><\/blockquote>\n<p>Radio Vatican<\/p>\n","protected":false},"excerpt":{"rendered":"<p>Pour r\u00e9pondre \u00e0 la question pos\u00e9e par le Christ lui-m\u00eame sur ce qu\u2019Il est pour chacun de nous \u00ab\u00a0ce que nous avons appris et \u00e9tudi\u00e9 dans le cat\u00e9chisme n\u2019est pas suffisant, m\u00eame s\u2019il reste important d\u2019\u00e9tudier et de savoir, mais ce n\u2019est pas suffisant\u00a0\u00bb. Le Pape Fran\u00e7ois , ce jeudi matin, dans l\u2019hom\u00e9lie de la [&hellip;]<\/p>\n","protected":false},"author":43,"featured_media":0,"comment_status":"open","ping_status":"open","sticky":false,"template":"","format":"standard","meta":{"_links_to":"","_links_to_target":""},"categories":[271,1185],"tags":[],"_links":{"self":[{"href":"https:\/\/seletlumieretv.org\/blogue\/wp-json\/wp\/v2\/posts\/12113"}],"collection":[{"href":"https:\/\/seletlumieretv.org\/blogue\/wp-json\/wp\/v2\/posts"}],"about":[{"href":"https:\/\/seletlumieretv.org\/blogue\/wp-json\/wp\/v2\/types\/post"}],"author":[{"embeddable":true,"href":"https:\/\/seletlumieretv.org\/blogue\/wp-json\/wp\/v2\/users\/43"}],"replies":[{"embeddable":true,"href":"https:\/\/seletlumieretv.org\/blogue\/wp-json\/wp\/v2\/comments?post=12113"}],"version-history":[{"count":1,"href":"https:\/\/seletlumieretv.org\/blogue\/wp-json\/wp\/v2\/posts\/12113\/revisions"}],"predecessor-version":[{"id":12115,"href":"https:\/\/seletlumieretv.org\/blogue\/wp-json\/wp\/v2\/posts\/12113\/revisions\/12115"}],"wp:attachment":[{"href":"https:\/\/seletlumieretv.org\/blogue\/wp-json\/wp\/v2\/media?parent=12113"}],"wp:term":[{"taxonomy":"category","embeddable":true,"href":"https:\/\/seletlumieretv.org\/blogue\/wp-json\/wp\/v2\/categories?post=12113"},{"taxonomy":"post_tag","embeddable":true,"href":"https:\/\/seletlumieretv.org\/blogue\/wp-json\/wp\/v2\/tags?post=12113"}],"curies":[{"name":"wp","href":"https:\/\/api.w.org\/{rel}","templated":true}]}}