{"id":12023,"date":"2014-02-10T11:09:55","date_gmt":"2014-02-10T16:09:55","guid":{"rendered":"http:\/\/seletlumieretv.org\/blogue\/?p=12023"},"modified":"2014-02-10T11:09:55","modified_gmt":"2014-02-10T16:09:55","slug":"vivre-le-mystere-de-la-presence-de-dieu-dans-la-messe","status":"publish","type":"post","link":"https:\/\/seletlumieretv.org\/blogue\/homelie\/vivre-le-mystere-de-la-presence-de-dieu-dans-la-messe","title":{"rendered":"\u00ab Vivre le myst\u00e8re de la pr\u00e9sence de Dieu dans la Messe \u00bb"},"content":{"rendered":"<p><iframe src=\"\/\/www.youtube.com\/embed\/jO7Zosdh4eY\" height=\"343\" width=\"610\" allowfullscreen=\"\" frameborder=\"0\"><\/iframe><\/p>\n<p><a href=\"http:\/\/seletlumieretv.org\/blogue\/wp-content\/1_0_771830.jpg\"><img loading=\"lazy\" class=\"alignleft size-full wp-image-12024\" alt=\"1_0_771830\" src=\"http:\/\/seletlumieretv.org\/blogue\/wp-content\/1_0_771830.jpg\" width=\"250\" height=\"166\" \/><\/a>Red\u00e9couvrir le sens du sacr\u00e9, le myst\u00e8re de la pr\u00e9sence de Dieu dans la Messe: c\u2019est l\u2019invitation du Pape Fran\u00e7ois durant la c\u00e9l\u00e9bration eucharistique pr\u00e9sid\u00e9e ce lundi matin en la Maison Sainte Marthe au Vatican.<\/p>\n<p>La premi\u00e8re Lecture du jour parle d\u2019une th\u00e9ophanie de Dieu \u00e0 l\u2019\u00e9poque du roi Salomon. Le Seigneur descend comme une nu\u00e9e sur le Temple, qui est alors rempli de la gloire de Dieu. Le Seigneur, commente le Pape, parle \u00e0 son Peuple de diverses mani\u00e8res : \u00e0 travers les proph\u00e8tes, les pr\u00eatres, l\u2019Ecriture Sainte. Mais avec les th\u00e9ophanies il parle d\u2019une autre mani\u00e8re, \u00ab<i>diff\u00e9rente de la Parole : c\u2019est une autre pr\u00e9sence, plus proche, sans m\u00e9diation. C\u2019est Sa pr\u00e9sence<\/i>\u00a0\u00bb. \u00ab\u00a0<i>Cela<\/i>, ajoute le Pape,<i>arrive lors de la c\u00e9l\u00e9bration liturgique. La c\u00e9l\u00e9bration liturgique n\u2019est pas un acte social, ce n\u2019est pas une r\u00e9union de croyants pour prier ensemble. C\u2019est autre chose. Dans la liturgie, Dieu est pr\u00e9sent \u00bb, mais c\u2019est une pr\u00e9sence plus proche. Dans la Messe en effet, \u00ab la pr\u00e9sence du Seigneur est r\u00e9elle, tout \u00e0 fait r\u00e9elle<\/i>\u00a0\u00bb :<\/p>\n<p><b>On ne va pas \u00ab entendre \u00bb la messe, on y participe<\/b><\/p>\n<p>\u00ab<i>\u00a0Quand nous c\u00e9l\u00e9brons la Messe, nous ne sommes pas en train d\u2019organiser une repr\u00e9sentation de la Derni\u00e8re C\u00e8ne : non ce n\u2019est pas une repr\u00e9sentation. C\u2019est autre chose : c\u2019est v\u00e9ritablement la Derni\u00e8re C\u00e8ne. On vit une fois encore vraiment la Passion et la mort r\u00e9demptrice du Seigneur. C\u2019est une th\u00e9ophanie : le Seigneur est pr\u00e9sent sur l\u2019autel pour \u00eatre offert au P\u00e8re pour le salut du monde. Et nous avons parfois l\u2019habitude de dire : \u2018 Il faut que j\u2019aille entendre la Messe \u2018. Mais on \u2018ne va pas entendre la Messe, on y participe \u2018, on participe \u00e0 ce th\u00e9ophanie, \u00e0 ce myst\u00e8re de la pr\u00e9sence du Seigneur parmi nous\u00a0<\/i>\u00bb.<!--more--><\/p>\n<p>La cr\u00e8che, le chemin de croix, sont des repr\u00e9sentations, a alors expliqu\u00e9 le Pape, la Messe par contre \u00ab\u00a0<i>est une comm\u00e9moration r\u00e9elle, c\u00e0d une th\u00e9ophanie : Dieu s\u2019approche, il est avec nous, et nous participons au myst\u00e8re de la R\u00e9demption\u00a0<\/i>\u00bb. Malheureusement, a soulign\u00e9 le Pape, souvent nous regardons notre montre \u00e0 la Messe, \u00ab<i>\u00a0nous comptons les minutes \u00bb : \u00ab ce n\u2019est vraiment l\u2019attitude requise par la liturgie : la liturgie est temps de Dieu et espace de Dieu, et nous devons nous mettre l\u00e0 dans ce temps de Dieu, dans l\u2019espace de Dieu et non pas regarder notre montre\u00a0<\/i>\u00bb :<\/p>\n<p><b>Venir \u00e0 la Messe \u00e0 Sainte Marthe ne fait pas partie du circuit touristique<\/b><\/p>\n<p>\u00ab\u00a0<i>La liturgie c\u2019est entrer dans le myst\u00e8re de Dieu, se laisser porter au myst\u00e8re et \u00eatre dans le myst\u00e8re. Par exemple, je suis certain que tous vous venez ici pour entrer dans le myst\u00e8re ; cependant quelqu\u2019un parmi vous pense peut-\u00eatre : \u2018Je dois aller \u00e0 la Messe \u00e0 Sainte Marthe parce que durant le s\u00e9jour touristique \u00e0 Rome il faut aller rendre visite au Pape \u00e0 Sainte Marthe . Tous les matins, c\u2019est un endroit touristique, non ? (le Pape rit). Vous tous venez ici, mais nous nous r\u00e9unissons ici pour entrer dans le myst\u00e8re: c\u2019est cela la liturgie. C\u2019est le temple de Dieu, c\u2019est l\u2019espace de Dieu, c\u2019est la nu\u00e9e de Dieu qui nous enveloppe tous<\/i>\u00a0\u00bb.<\/p>\n<p>Le Pape \u00e9voque un souvenir d\u2019enfance, lors de la pr\u00e9paration \u00e0 la Premi\u00e8re Communion. Un chant indiquait que l\u2019autel \u00e9tait gard\u00e9 par les anges pour donner \u00ab l<i>e sens de la gloire de Dieu, de l\u2019espace de Dieu, du temps de Dieu \u00bb. Et durant les r\u00e9p\u00e9titions, on disait aux enfants : \u2018Vous savez, ces hosties ne sont pas celles que vous recevrez. Celles-ci ne valent rien, parce qu\u2019il y aura apr\u00e8s la cons\u00e9cration !\u00a0<\/i>\u00bb. Ainsi, conclut le Pape, \u00ab<i>\u00a0c\u00e9l\u00e9brer la liturgie c\u2019est avoir cette disponibilit\u00e9 \u00e0 entrer dans le myst\u00e8re de Dieu \u00bb, dans son espace, dans son temps, et se confier \u00ab \u00e0 ce myst\u00e8re \u00bb<\/i>\u00a0:<\/p>\n<p><b>Prier chez soi est une chose, la Messe une autre<\/b><\/p>\n<p>\u00ab\u00a0<i>Demandons alors au Seigneur aujourd\u2019hui de nous donner \u00e0 tous ce \u2018sens du sacr\u00e9 \u2018, ce sens qui nous fait comprendre qu\u2019une chose est de prier chez soi, prier \u00e0 l\u2019\u00e9glise, prier le chapelet, prier avec de belles pri\u00e8res, faire le Chemin de Croix, lire la Bible\u2026une autre chose est de participer \u00e0 la c\u00e9l\u00e9bration eucharistique. Car l\u00e0 nous entrons dans le myst\u00e8re de Dieu, sur ce chemin que nous ne pouvons contr\u00f4ler. Seulement Lui l\u2019Unique, Lui la gloire, Lui le pouvoir, Lui le tout. Demandons cette gr\u00e2ce : que le Seigneur nous enseigne \u00e0 entrer dans le myst\u00e8re de Dieu\u00a0<\/i>\u00bb.<\/p>\n<p>Radio Vatican<\/p>\n","protected":false},"excerpt":{"rendered":"<p>Red\u00e9couvrir le sens du sacr\u00e9, le myst\u00e8re de la pr\u00e9sence de Dieu dans la Messe: c\u2019est l\u2019invitation du Pape Fran\u00e7ois durant la c\u00e9l\u00e9bration eucharistique pr\u00e9sid\u00e9e ce lundi matin en la Maison Sainte Marthe au Vatican. La premi\u00e8re Lecture du jour parle d\u2019une th\u00e9ophanie de Dieu \u00e0 l\u2019\u00e9poque du roi Salomon. Le Seigneur descend comme une [&hellip;]<\/p>\n","protected":false},"author":43,"featured_media":0,"comment_status":"open","ping_status":"open","sticky":false,"template":"","format":"standard","meta":{"_links_to":"","_links_to_target":""},"categories":[271,1185],"tags":[],"_links":{"self":[{"href":"https:\/\/seletlumieretv.org\/blogue\/wp-json\/wp\/v2\/posts\/12023"}],"collection":[{"href":"https:\/\/seletlumieretv.org\/blogue\/wp-json\/wp\/v2\/posts"}],"about":[{"href":"https:\/\/seletlumieretv.org\/blogue\/wp-json\/wp\/v2\/types\/post"}],"author":[{"embeddable":true,"href":"https:\/\/seletlumieretv.org\/blogue\/wp-json\/wp\/v2\/users\/43"}],"replies":[{"embeddable":true,"href":"https:\/\/seletlumieretv.org\/blogue\/wp-json\/wp\/v2\/comments?post=12023"}],"version-history":[{"count":1,"href":"https:\/\/seletlumieretv.org\/blogue\/wp-json\/wp\/v2\/posts\/12023\/revisions"}],"predecessor-version":[{"id":12025,"href":"https:\/\/seletlumieretv.org\/blogue\/wp-json\/wp\/v2\/posts\/12023\/revisions\/12025"}],"wp:attachment":[{"href":"https:\/\/seletlumieretv.org\/blogue\/wp-json\/wp\/v2\/media?parent=12023"}],"wp:term":[{"taxonomy":"category","embeddable":true,"href":"https:\/\/seletlumieretv.org\/blogue\/wp-json\/wp\/v2\/categories?post=12023"},{"taxonomy":"post_tag","embeddable":true,"href":"https:\/\/seletlumieretv.org\/blogue\/wp-json\/wp\/v2\/tags?post=12023"}],"curies":[{"name":"wp","href":"https:\/\/api.w.org\/{rel}","templated":true}]}}