{"id":11998,"date":"2014-02-07T12:00:43","date_gmt":"2014-02-07T17:00:43","guid":{"rendered":"http:\/\/seletlumieretv.org\/blogue\/?p=11998"},"modified":"2014-02-07T12:00:43","modified_gmt":"2014-02-07T17:00:43","slug":"comme-jean-baptiste-annoncer-levangile-avec-humilite","status":"publish","type":"post","link":"https:\/\/seletlumieretv.org\/blogue\/homelie\/comme-jean-baptiste-annoncer-levangile-avec-humilite","title":{"rendered":"Comme Jean-Baptiste, annoncer l\u2019Evangile avec humilit\u00e9"},"content":{"rendered":"<p><iframe width=\"610\" height=\"343\" src=\"\/\/www.youtube.com\/embed\/EOulm-EUPJM\" frameborder=\"0\" allowfullscreen><\/iframe><\/p>\n<p><a href=\"http:\/\/seletlumieretv.org\/blogue\/wp-content\/1_0_771138.jpg\"><img loading=\"lazy\" class=\"alignleft size-full wp-image-11999\" alt=\"1_0_771138\" src=\"http:\/\/seletlumieretv.org\/blogue\/wp-content\/1_0_771138.jpg\" width=\"113\" height=\"170\" \/><\/a>Ce vendredi matin, le Pape a pr\u00e9sid\u00e9 la messe dans la chapelle de la Maison Sainte-Marthe. Dans son hom\u00e9lie inspir\u00e9e par l\u2019Evangile de Marc (6, 14-29) et le martyr de Jean-Baptiste, le Pape a soulign\u00e9 que, comme lui, le vrai disciple du Christ suit la voie de l\u2019humilit\u00e9 sans s\u2019approprier la proph\u00e9tie.<br \/>\nDans l\u2019Evangile de ce vendredi, H\u00e9rode fait tuer Jean pour satisfaire sa femme H\u00e9rodiade et le caprice de sa fille. Le Pape Fran\u00e7ois a affirm\u00e9 que Jean-Baptiste a eu finalement un temps de vie tr\u00e8s court, \u00ab\u00a0<i>tr\u00e8s bref pour annoncer la Parole de Dieu\u00a0<\/i>\u00bb. C\u2019\u00e9tait un homme \u00ab q<i>ue Dieu avait envoy\u00e9 pour pr\u00e9parer la venue de son Fils<\/i>\u00a0\u00bb, avant que sa vie ne tourne court lors d\u2019un banquet du roi H\u00e9rode.<\/p>\n<p>\u00ab\u00a0<i>Quand il y a une cour, tout est possible : la corruption, les vices, les crimes<\/i>\u00a0\u00bb. pour Fran\u00e7ois, les cours favorisent ce type de choses. Mais qu\u2019est-ce qu\u2019a fait Jean Baptiste, s\u2019interroge le Pape. \u00ab A<i>vant tout, annoncer le Seigneur. Annoncer que le Sauveur n\u2019\u00e9tait pas loin, que le R\u00e8gne de Dieu \u00e9tait proche. Et il l\u2019avait fait avec force. Et il baptisait. Il exhortait tout le monde \u00e0 se convertir. C\u2019\u00e9tait un homme fort.<\/i>\u00a0\u00bb<\/p>\n<p><b>Jean-Baptiste, un homme de v\u00e9rit\u00e9<\/b><\/p>\n<p>Ainsi, la premi\u00e8re chose qu\u2019a faite Jean-Baptiste, c\u2019est d\u2019annoncer J\u00e9sus, mais sans pour autant \u00ab\u00a0<i>s\u2019emparer de Son autorit\u00e9 morale<\/i>\u00a0\u00bb. En effet, rappelle le Pape, il lui a \u00e9t\u00e9 donn\u00e9 la possibilit\u00e9 de dire : \u00ab je suis le Messie \u00bb, parce qu\u2019il \u00ab\u00a0<i>avait une grande autorit\u00e9 morale<\/i>\u00a0\u00bb. Les gens allaient le trouver, raconte le Pape, en lui demandant s\u2019il \u00e9tait le Messie. Mais en ce moment \u00ab\u00a0<i>de tentation et de vanit\u00e9<\/i>\u00a0\u00bb possible, Jean-Baptiste aurait pu prendre la pose avec \u00ab\u00a0<i>une fausse humilit\u00e9<\/i>\u00a0\u00bb, l\u2019Evangile nous dit qu\u2019il conseillait \u00e0 tous de se convertir. \u00ab\u00a0<i>C\u2019\u00e9tait un homme droit\u00a0<\/i>\u00bb. \u00ab\u00a0<i>Non, je ne suis pas le Messie ! Apr\u00e8s moi vient une personne qui est plus forte que moi, et dont je ne suis pas digne de d\u00e9faire les lacets de ses scandales<\/i>\u00a0\u00bb, rapporte le Pape. Jean-Baptiste est clair et il \u00ab\u00a0<i>n\u2019a pas vol\u00e9 le titre. Il ne s\u2019est pas appropri\u00e9 le m\u00e9tier<\/i>\u00a0\u00bb. C\u2019est donc la deuxi\u00e8me chose que fait Jean-Baptiste : \u00eatre un homme de v\u00e9rit\u00e9.<!--more--><\/p>\n<p>Troisi\u00e8me caract\u00e9ristique : Jean-Baptiste \u00ab\u00a0<i>imite Dieu\u00a0<\/i>\u00bb, et m\u00eame H\u00e9rode, qui l\u2019avait tu\u00e9, \u00ab c<i>royait que le Christ \u00e9tait Jean-Baptiste\u00a0<\/i>\u00bb. Il \u00ab\u00a0<i>imitait Dieu<\/i>\u00a0\u00bb, r\u00e9p\u00e8te le Pape, \u00ab\u00a0<i>surtout lorsqu\u2019il s\u2019abaissait et ce jusqu\u2019\u00e0 la mort<\/i>\u00a0\u00bb ; une mort du m\u00eame type que celle du Christ \u00ab\u00a0<i>honteuse, comme un brigand, un voleur, comme un criminel, sur la croix\u00a0<\/i>\u00bb.<\/p>\n<p><b>Jean-Baptiste, l\u2019ic\u00f4ne d\u2019un disciple<\/b><\/p>\n<p>Les morts humiliantes. \u00ab\u00a0<i>Jean-Baptiste aussi a eu son &#8220;jardin des oliviers&#8221;, son angoisse en prison quand il croyait s\u2019\u00eatre tromp\u00e9 et qu\u2019il envoie ses disciples demander \u00e0 J\u00e9sus :\u201cmais dis-moi, c\u2019est Toi ou il y a quelqu\u2019un d\u2019autre ?\u201d<\/i>\u00a0\u00bb. Le Pape parle \u00ab\u00a0<i>d\u2019ombre dans l\u2019\u00e2me, cette obscurit\u00e9 qui purifie comme J\u00e9sus dans le Jardin des oliviers\u00a0<\/i>\u00bb. Et J\u00e9sus a r\u00e9pondu \u00e0 Jean-Baptiste, comme le P\u00e8re a r\u00e9pondu \u00e0 J\u00e9sus, \u00ab\u00a0<i>en le r\u00e9confortant\u00a0<\/i>\u00bb.<br \/>\nLe Pape a fait alors un apart\u00e9 : \u00ab\u00a0<i>Je pense en ce moment \u00e0 l\u2019obscurit\u00e9 de l\u2019\u00e2me de la bienheureuse Th\u00e9r\u00e8se de Calcutta, la femme que le monde entier a lou\u00e9, Prix Nobel ! Mais elle savait qu\u2019\u00e0 un moment de sa vie, un long moment, il n\u2019y avait qu\u2019obscurit\u00e9 en elle<\/i>\u00a0\u00bb.<\/p>\n<p>Alors qu\u2019il annonce le Christ, Jean-Baptiste ne s\u2019est pas appropri\u00e9 la proph\u00e9tie, il est \u00ab\u00a0<i>l\u2019ic\u00f4ne d\u2019un disciple\u00a0<\/i>\u00bb. Mais, se demande Fran\u00e7ois, \u00ab\u00a0<i>d\u2019o\u00f9 venait ce comportement de disciple ? D\u2019une rencontre<\/i>\u00a0\u00bb. L\u2019Evangile parle de la rencontre de Marie et d\u2019Elisabeth, quand Jean-Baptiste dansait de joie dans le ventre de cette derni\u00e8re. \u00ab\u00a0<i>Peut-\u00eatre qu\u2019il y eu plus d\u2019une rencontre,\u00a0<\/i>a expliqu\u00e9 le Pape,\u00a0<i>et que celles-ci remplissaient le c\u0153ur de Jean-Baptiste de tant de joie, qu\u2019elle l\u2019a transform\u00e9 en disciple<\/i>\u00a0\u00bb. Pour le Pape, Jean-Baptiste est \u00ab l<i>\u2019homme qui annonce J\u00e9sus Christ, qui ne prend pas sa place et qui suit la route de J\u00e9sus<\/i>\u00a0\u00bb.<\/p>\n<p><b>Retrouver le moment de sa rencontre personnelle avec J\u00e9sus<\/b><\/p>\n<p>\u00ab\u00a0<i>Cela nous ferait du bien aujourd\u2019hui de nous demander si nous aussi nous annon\u00e7ons J\u00e9sus (\u2026) si nous profitons de notre position de chr\u00e9tiens comme si cela \u00e9tait un privil\u00e8ge ?<\/i>\u00a0\u00bb Jean-Baptiste ne fait pas sienne la proph\u00e9tie. \u00ab\u00a0<i>Suit-on nous aussi<\/i>, poursuit le Pape,\u00a0<i>la route de J\u00e9sus<\/i>\u00a0<i>?<\/i>\u00bb La route de \u00ab\u00a0<i>l\u2019humiliation, de l\u2019humilit\u00e9 de la soumission pour le service<\/i>.\u00bb Et si nous n\u2019y sommes pas, le Pape demande aux fid\u00e8les de se rappeler de leur rencontre avec le Christ, \u00ab\u00a0<i>cette rencontre qui m\u2019a rempli de joie. nous en avons tous une !<\/i>\u00bb, s\u2019est exclam\u00e9 le Pape et il faut y retourner pour nous retrouver avec le Seigneur et \u00ab<i>\u00a0aller de l\u2019avant sur cette route si belle<\/i>\u00a0\u00bb.<\/p>\n<p><i>Photo : Le Pape Fran\u00e7ois lors de la messe vendredi 7 f\u00e9vrier<\/i><\/p>\n<p>Radio Vatican<\/p>\n","protected":false},"excerpt":{"rendered":"<p>Ce vendredi matin, le Pape a pr\u00e9sid\u00e9 la messe dans la chapelle de la Maison Sainte-Marthe. Dans son hom\u00e9lie inspir\u00e9e par l\u2019Evangile de Marc (6, 14-29) et le martyr de Jean-Baptiste, le Pape a soulign\u00e9 que, comme lui, le vrai disciple du Christ suit la voie de l\u2019humilit\u00e9 sans s\u2019approprier la proph\u00e9tie. Dans l\u2019Evangile de [&hellip;]<\/p>\n","protected":false},"author":43,"featured_media":0,"comment_status":"open","ping_status":"open","sticky":false,"template":"","format":"standard","meta":{"_links_to":"","_links_to_target":""},"categories":[271,1185],"tags":[],"_links":{"self":[{"href":"https:\/\/seletlumieretv.org\/blogue\/wp-json\/wp\/v2\/posts\/11998"}],"collection":[{"href":"https:\/\/seletlumieretv.org\/blogue\/wp-json\/wp\/v2\/posts"}],"about":[{"href":"https:\/\/seletlumieretv.org\/blogue\/wp-json\/wp\/v2\/types\/post"}],"author":[{"embeddable":true,"href":"https:\/\/seletlumieretv.org\/blogue\/wp-json\/wp\/v2\/users\/43"}],"replies":[{"embeddable":true,"href":"https:\/\/seletlumieretv.org\/blogue\/wp-json\/wp\/v2\/comments?post=11998"}],"version-history":[{"count":1,"href":"https:\/\/seletlumieretv.org\/blogue\/wp-json\/wp\/v2\/posts\/11998\/revisions"}],"predecessor-version":[{"id":12000,"href":"https:\/\/seletlumieretv.org\/blogue\/wp-json\/wp\/v2\/posts\/11998\/revisions\/12000"}],"wp:attachment":[{"href":"https:\/\/seletlumieretv.org\/blogue\/wp-json\/wp\/v2\/media?parent=11998"}],"wp:term":[{"taxonomy":"category","embeddable":true,"href":"https:\/\/seletlumieretv.org\/blogue\/wp-json\/wp\/v2\/categories?post=11998"},{"taxonomy":"post_tag","embeddable":true,"href":"https:\/\/seletlumieretv.org\/blogue\/wp-json\/wp\/v2\/tags?post=11998"}],"curies":[{"name":"wp","href":"https:\/\/api.w.org\/{rel}","templated":true}]}}