{"id":11926,"date":"2014-02-02T09:51:19","date_gmt":"2014-02-02T14:51:19","guid":{"rendered":"http:\/\/seletlumieretv.org\/blogue\/?p=11926"},"modified":"2014-02-02T14:55:29","modified_gmt":"2014-02-02T19:55:29","slug":"les-religieux-invites-a-rejeter-rigidite-et-fermeture-pour-etre-ouvert-a-la-voix-de-dieu","status":"publish","type":"post","link":"https:\/\/seletlumieretv.org\/blogue\/vie-consacree\/les-religieux-invites-a-rejeter-rigidite-et-fermeture-pour-etre-ouvert-a-la-voix-de-dieu","title":{"rendered":"Les religieux invit\u00e9s \u00e0 rejeter rigidit\u00e9 et fermeture pour \u00eatre ouvert \u00e0 la voix de Dieu"},"content":{"rendered":"<p><iframe width=\"610\" height=\"343\" src=\"\/\/www.youtube.com\/embed\/NPaH_OEYZ_4\" frameborder=\"0\" allowfullscreen><\/iframe><\/p>\n<p><iframe width=\"610\" height=\"343\" src=\"\/\/www.youtube.com\/embed\/vfz7jYczFRg\" frameborder=\"0\" allowfullscreen><\/iframe><\/p>\n<p><a href=\"http:\/\/seletlumieretv.org\/blogue\/wp-content\/1_0_769522.jpg\"><img loading=\"lazy\" class=\"alignleft size-full wp-image-11927\" alt=\"1_0_769522\" src=\"http:\/\/seletlumieretv.org\/blogue\/wp-content\/1_0_769522.jpg\" width=\"250\" height=\"180\" \/><\/a>Des chandelles b\u00e9nies par le Pape illuminent la basilique Saint-Pierre. Le ch\u0153ur chante \u00ab O lumi\u00e8re radieuse, splendeur \u00e9ternel du P\u00e8re \u00bb lorsque avancent dans la nef 25 femmes et 25 hommes de diverses congr\u00e9gations religieuses venant de tous les continents. Une procession de 50 religieux a ainsi ouvert la messe c\u00e9l\u00e9br\u00e9e ce dimanche 2 f\u00e9vrier par le Pape pour la XVIII\u00b0 Journ\u00e9e mondiale de la Vie Consacr\u00e9e.<\/p>\n<p>Que J\u00e9sus soit toujours au centre de la vie des religieux : ce fut le souhait formul\u00e9 par Fran\u00e7ois. Ce dimanche, la f\u00eate de la pr\u00e9sentation de J\u00e9sus au Temple \u00e9voque le jour o\u00f9 les jeunes mari\u00e9s Marie et Joseph am\u00e8nent l\u2019enfant J\u00e9sus au Temple, et y rencontrent deux personnes \u00e2g\u00e9es, Anne et Sym\u00e9on. A cette occasion, le Pape a affirm\u00e9 dans son hom\u00e9lie que la rencontre entre jeunes et anciens, entre l\u2019observance et la proph\u00e9tie, sans esprit de fermeture et de rigidit\u00e9 \u00e9tait fondamentale pour l\u2019Eglise.<\/p>\n<p><b>J\u00e9sus vient \u00e0 notre rencontre \u00e0 travers le charisme fondateur d&#8217;un institut<\/b><\/p>\n<p>La pr\u00e9sentation au Temple fut \u00ab\u00a0<i>une rencontre au sein de l\u2019histoire d\u2019un peuple<\/i>\u00a0\u00bb, celle entre J\u00e9sus et son peuple. Ce fut \u00e9galement, a expliqu\u00e9 le Pape, une rencontre entre jeunes et anciens, \u00ab\u00a0<i>une rencontre particuli\u00e8re entre l\u2019observance des jeunes<\/i>\u00a0\u00bb qui suivent, \u00ab\u00a0<i>pleins de joie<\/i>\u00a0\u00bb la Loi du Seigneur, et la proph\u00e9tie des anciens qui viennent souvent au Temple \u00ab\u00a0<i>guid\u00e9s par l\u2019Esprit Saint, pleins de vie parce qu\u2019anim\u00e9s par Lui, dociles \u00e0 son action et sensibles \u00e0 son appel<\/i>\u00a0\u00bb.<!--more--><\/p>\n<p>Evoquant de mani\u00e8re plus sp\u00e9cifique la vie consacr\u00e9e, le Pape a rappel\u00e9 que J\u00e9sus vient \u00e0 notre rencontre dans l\u2019Eglise \u00e0 travers \u00ab\u00a0<i>le charisme fondateur d\u2019un institut\u00a0<\/i>\u00bb et que la rencontre avec le Christ \u00ab\u00a0<i>prend sa forme dans l\u2019Eglise \u00e0 travers le charisme d\u2019un de ses t\u00e9moins<\/i>\u00a0\u00bb.<\/p>\n<p><b>Observance et proph\u00e9tie ne s&#8217;opposent pas<\/b><\/p>\n<p>\u00ab\u00a0<i>M\u00eame dans la vie consacr\u00e9e, a poursuivi le Pape, on vit la rencontre entre les jeunes et les anciens, entre observance et proph\u00e9tie<\/i>\u00a0\u00bb. Ce ne sont pas deux r\u00e9alit\u00e9s en contraste, r\u00e9p\u00e8te-t-il. \u00ab\u00a0<i>Laissons plut\u00f4t le Saint Esprit les animer, et le signe de cela est la joie : la joie d\u2019ob\u00e9ir, de cheminer dans une r\u00e8gle de vie, la joie d\u2019\u00eatre guid\u00e9 par l\u2019Esprit Saint, sans \u00eatre jamais rigide, ferm\u00e9s mais ouverts \u00e0 la voix de Dieu qui parle, ouvre, fait aller de l\u2019avant vers l\u2019horizon<\/i>\u00a0\u00bb.<\/p>\n<p>\u00ab\u00a0<i>Cela fait du bien aux anciens de communiquer de la sagesse aux jeunes, et cela fait du bien aux jeunes de recueillir ce patrimoine d\u2019exp\u00e9riences et de sagesse et de le faire fructifier et non pas le garder pr\u00e9cieusement dans un mus\u00e9e, pour le porter de l\u2019avant afin de faire face aux d\u00e9fis que la vie nous offre, pour le bien des diff\u00e9rentes familles religieuses et de toute l\u2019Eglise<\/i>\u00a0\u00bb.<\/p>\n<p><i>Photo : le Pape Fran\u00e7ois lors de la messe, dimanche 2 f\u00e9vrier, pour la XVIII\u00b0 Journ\u00e9e de la Vie Consacr\u00e9e<\/i><\/p>\n<p>Radio Vatican<\/p>\n","protected":false},"excerpt":{"rendered":"<p>Des chandelles b\u00e9nies par le Pape illuminent la basilique Saint-Pierre. Le ch\u0153ur chante \u00ab O lumi\u00e8re radieuse, splendeur \u00e9ternel du P\u00e8re \u00bb lorsque avancent dans la nef 25 femmes et 25 hommes de diverses congr\u00e9gations religieuses venant de tous les continents. Une procession de 50 religieux a ainsi ouvert la messe c\u00e9l\u00e9br\u00e9e ce dimanche 2 [&hellip;]<\/p>\n","protected":false},"author":43,"featured_media":0,"comment_status":"open","ping_status":"open","sticky":false,"template":"","format":"standard","meta":{"_links_to":"","_links_to_target":""},"categories":[209,271,1185,181],"tags":[],"_links":{"self":[{"href":"https:\/\/seletlumieretv.org\/blogue\/wp-json\/wp\/v2\/posts\/11926"}],"collection":[{"href":"https:\/\/seletlumieretv.org\/blogue\/wp-json\/wp\/v2\/posts"}],"about":[{"href":"https:\/\/seletlumieretv.org\/blogue\/wp-json\/wp\/v2\/types\/post"}],"author":[{"embeddable":true,"href":"https:\/\/seletlumieretv.org\/blogue\/wp-json\/wp\/v2\/users\/43"}],"replies":[{"embeddable":true,"href":"https:\/\/seletlumieretv.org\/blogue\/wp-json\/wp\/v2\/comments?post=11926"}],"version-history":[{"count":3,"href":"https:\/\/seletlumieretv.org\/blogue\/wp-json\/wp\/v2\/posts\/11926\/revisions"}],"predecessor-version":[{"id":11933,"href":"https:\/\/seletlumieretv.org\/blogue\/wp-json\/wp\/v2\/posts\/11926\/revisions\/11933"}],"wp:attachment":[{"href":"https:\/\/seletlumieretv.org\/blogue\/wp-json\/wp\/v2\/media?parent=11926"}],"wp:term":[{"taxonomy":"category","embeddable":true,"href":"https:\/\/seletlumieretv.org\/blogue\/wp-json\/wp\/v2\/categories?post=11926"},{"taxonomy":"post_tag","embeddable":true,"href":"https:\/\/seletlumieretv.org\/blogue\/wp-json\/wp\/v2\/tags?post=11926"}],"curies":[{"name":"wp","href":"https:\/\/api.w.org\/{rel}","templated":true}]}}