{"id":11851,"date":"2014-01-27T11:58:19","date_gmt":"2014-01-27T16:58:19","guid":{"rendered":"http:\/\/seletlumieretv.org\/blogue\/?p=11851"},"modified":"2014-01-27T12:01:48","modified_gmt":"2014-01-27T17:01:48","slug":"merci-a-tous-ces-pretres-saints-qui-offrent-leur-vie-en-silence","status":"publish","type":"post","link":"https:\/\/seletlumieretv.org\/blogue\/homelie\/merci-a-tous-ces-pretres-saints-qui-offrent-leur-vie-en-silence","title":{"rendered":"\u00ab Merci \u00e0 tous ces pr\u00eatres saints qui offrent leur vie en silence \u00bb"},"content":{"rendered":"<p><iframe src=\"\/\/www.youtube.com\/embed\/q3Z_1awR4_0\" height=\"343\" width=\"610\" allowfullscreen=\"\" frameborder=\"0\"><\/iframe><\/p>\n<p><a href=\"http:\/\/seletlumieretv.org\/blogue\/wp-content\/1_0_767686.jpg\"><img loading=\"lazy\" class=\"alignleft size-full wp-image-11853\" alt=\"1_0_767686\" src=\"http:\/\/seletlumieretv.org\/blogue\/wp-content\/1_0_767686.jpg\" width=\"250\" height=\"166\" \/><\/a>L\u2019Eglise n\u2019est pas une simple organisation humaine, la diff\u00e9rence vient de l\u2019onction qui donne aux \u00e9v\u00eaques et aux pr\u00eatres la force de l\u2019Esprit pour servir le peuple de Dieu : voil\u00e0 ce qu\u2019a d\u00e9clar\u00e9 le Pape Fran\u00e7ois dans l\u2019hom\u00e9lie de la messe c\u00e9l\u00e9br\u00e9e ce lundi matin \u00e0 la Maison Sainte Marthe. Le Pape Fran\u00e7ois a remerci\u00e9 tous les saints pr\u00eatres qui donnent leur vie dans l\u2019anonymat de leur service quotidien.<\/p>\n<p>Commentant la premi\u00e8re lecture du jour, qui parle des tribus d\u2019Isra\u00ebl qui choisissent David comme roi, le Pape explique la signification spirituelle de l\u2019onction. \u00ab\u00a0<i>Sans cette onction<\/i>, a affirm\u00e9 le Pape,\u00a0<i>David n\u2019aurait \u00e9t\u00e9 que le \u2018chef d\u2019une entreprise\u2019, d\u2019une \u2018soci\u00e9t\u00e9 politique, qui \u00e9tait le R\u00e8gne d\u2019Isra\u00ebl \u00bb, il n\u2019aurait \u00e9t\u00e9 qu\u2019un simple \u00ab organisateur politique<\/i>\u00a0\u00bb. Par contre, \u00ab<i>apr\u00e8s l\u2019onction, l\u2019Esprit du Seigneur<\/i>\u00a0\u00bb descend sur David et reste en lui. Et les Ecritures disent : \u00ab\u00a0<i>David grandissait en puissance et le Seigneur Dieu des arm\u00e9es \u00e9tait avec lui\u00a0<\/i>\u00bb. \u00ab\u00a0<i>Voil\u00e0, a soulign\u00e9 le Pape Fran\u00e7ois, toute la diff\u00e9rence de l\u2019onction<\/i>\u00a0\u00bb. La personne ointe est une personne choisie par le Seigneur. Et c\u2019est pareil dans l\u2019Eglise pour les \u00e9v\u00eaques et les pr\u00eatres :<\/p>\n<p>\u00ab\u00a0<i>Les \u00e9v\u00eaques ne sont pas seulement \u00e9lus pour diriger une organisation, qui s\u2019appelle Eglise particuli\u00e8re, ils sont oints, ils re\u00e7oivent l\u2019onction et l\u2019Esprit du Seigneur est avec eux. Mais tous les \u00e9v\u00eaques, tous nous sommes des p\u00eacheurs, tous ! Mais nous sommes oints. Mais tous nous voulons \u00eatre de plus en plus saints chaque jour, plus fid\u00e8les \u00e0 cette union. C\u2019est justement ce qui fait l\u2019Eglise, ce qui donne l\u2019unit\u00e9 \u00e0 l\u2019Eglise, c\u2019est la personne de l\u2019\u00e9v\u00eaque, au nom de J\u00e9sus-Christ, parce que oint, et non pas parce qu\u2019il a \u00e9t\u00e9 vot\u00e9 \u00e0 la majorit\u00e9. Parce qu\u2019il est oint. C\u2019est dans cette onction qu\u2019une Eglise particuli\u00e8re tient sa force. Et par participation, les pr\u00eatres sont oints.<\/i>\u00a0\u00bb<!--more--><\/p>\n<p>L\u2019onction, poursuit le Pape, rapproche les \u00e9v\u00eaques et les pr\u00eatres du Seigneur et leur donne la joie et la force \u00ab\u00a0<i>de guider un peuple, d\u2019aider un peuple, de vivre au service d\u2019un peuple<\/i>\u00a0\u00bb.<i>\u00a0<\/i>Elle donne la joie de se sentir\u00a0<i>\u00ab \u00e9lus par le Seigneur, regard\u00e9s par le Seigneur, avec cet amour avec lequel le Seigneur nous regarde, nous tous<\/i>\u00bb. Ainsi, \u00ab\u00a0<i>quand nous pensons aux \u00e9v\u00eaques et aux pr\u00eatres, nous devons penser \u00e0 eux comme des personnes ointes\u00a0<\/i>\u00bb :<\/p>\n<p>\u00ab\u00a0<i>Et l\u2019on ne peut comprendre ni m\u00eame expliquer comment l\u2019Eglise puisse aller de l\u2019avant seulement avec les forces humaines. Ce dioc\u00e8se va de l\u2019avant parce qu\u2019il a un peuple saint, tout un tas de choses, mais aussi une personne ointe qui le guide, qui l\u2019aide \u00e0 grandir. Cette paroisse va de l\u2019avant parce qu\u2019elle a tout un tas d\u2019organisations, un tas de choses, mais aussi une personne ointe qui la guide, qui l\u2019aide \u00e0 grandir. Et nous dans l\u2019histoire nous n\u2019en connaissons qu\u2019une toute petite partie, mais il y a eu tellement de saints \u00e9v\u00eaques, de saints pr\u00eatre qui ont consacr\u00e9 leur vie au service du dioc\u00e8se, de la paroisse ; combien de personnes ont re\u00e7u la force de la foi, la force de l\u2019amour, l\u2019esp\u00e9rance de ces pr\u00eatres anonymes que nous ne connaissons pas. Il y en a eu et il y en a tellement !<\/i>\u00bb<\/p>\n<p>\u00ab\u00a0<i>Tellement de pr\u00eatres de campagne ou de cur\u00e9s en ville,\u00a0<\/i>d\u00e9clare le Pape<i>, qui avec leur onction ont insuffl\u00e9 de la force au peuple, ont transmis la doctrine, ont donn\u00e9 les sacrements, c\u2019est-\u00e0-dire la saintet\u00e9 \u00bb\u00a0<\/i>:<\/p>\n<p>\u00ab<i>\u00a0Mais, mon p\u00e8re, j\u2019ai lu sur un journal qu\u2019un \u00e9v\u00eaque a fait ceci ou cela ! \u00bb \u00ab Oui, moi aussi je l\u2019ai lu, mais dis-moi, sur les journaux, as-tu d\u00e9j\u00e0 lu des informations sur tout ce que font de bien de si nombreux pr\u00eatres, dans tant de paroisses en ville ou la campagne, tout le travail qu\u2019il m\u00e8ne pour guider leur peuple ?. Et bien non, tout cela n\u2019est pas une information. Et comme dit l\u2019adage : un arbre qui tombe fait plus de bruit qu\u2019une for\u00eat qui grandit. Et donc aujourd\u2019hui, en pensant \u00e0 cette onction de David, il faut penser \u00e0 nos \u00e9v\u00eaques, \u00e0 nos pr\u00eatres courageux, saints, bons, fid\u00e8les et il faut prier pour eux<\/i>. \u00bb<\/p>\n<p>Radio Vatican<\/p>\n","protected":false},"excerpt":{"rendered":"<p>L\u2019Eglise n\u2019est pas une simple organisation humaine, la diff\u00e9rence vient de l\u2019onction qui donne aux \u00e9v\u00eaques et aux pr\u00eatres la force de l\u2019Esprit pour servir le peuple de Dieu : voil\u00e0 ce qu\u2019a d\u00e9clar\u00e9 le Pape Fran\u00e7ois dans l\u2019hom\u00e9lie de la messe c\u00e9l\u00e9br\u00e9e ce lundi matin \u00e0 la Maison Sainte Marthe. Le Pape Fran\u00e7ois a [&hellip;]<\/p>\n","protected":false},"author":43,"featured_media":0,"comment_status":"open","ping_status":"open","sticky":false,"template":"","format":"standard","meta":{"_links_to":"","_links_to_target":""},"categories":[271,1185],"tags":[],"_links":{"self":[{"href":"https:\/\/seletlumieretv.org\/blogue\/wp-json\/wp\/v2\/posts\/11851"}],"collection":[{"href":"https:\/\/seletlumieretv.org\/blogue\/wp-json\/wp\/v2\/posts"}],"about":[{"href":"https:\/\/seletlumieretv.org\/blogue\/wp-json\/wp\/v2\/types\/post"}],"author":[{"embeddable":true,"href":"https:\/\/seletlumieretv.org\/blogue\/wp-json\/wp\/v2\/users\/43"}],"replies":[{"embeddable":true,"href":"https:\/\/seletlumieretv.org\/blogue\/wp-json\/wp\/v2\/comments?post=11851"}],"version-history":[{"count":4,"href":"https:\/\/seletlumieretv.org\/blogue\/wp-json\/wp\/v2\/posts\/11851\/revisions"}],"predecessor-version":[{"id":11856,"href":"https:\/\/seletlumieretv.org\/blogue\/wp-json\/wp\/v2\/posts\/11851\/revisions\/11856"}],"wp:attachment":[{"href":"https:\/\/seletlumieretv.org\/blogue\/wp-json\/wp\/v2\/media?parent=11851"}],"wp:term":[{"taxonomy":"category","embeddable":true,"href":"https:\/\/seletlumieretv.org\/blogue\/wp-json\/wp\/v2\/categories?post=11851"},{"taxonomy":"post_tag","embeddable":true,"href":"https:\/\/seletlumieretv.org\/blogue\/wp-json\/wp\/v2\/tags?post=11851"}],"curies":[{"name":"wp","href":"https:\/\/api.w.org\/{rel}","templated":true}]}}