{"id":11843,"date":"2014-01-26T08:09:38","date_gmt":"2014-01-26T13:09:38","guid":{"rendered":"http:\/\/seletlumieretv.org\/blogue\/?p=11843"},"modified":"2014-01-26T08:09:38","modified_gmt":"2014-01-26T13:09:38","slug":"homelie-du-pape-francois-aux-vepres-pour-la-fete-de-la-conversion-de-saint-paul-basilique-saint-paul-hors-les-murs","status":"publish","type":"post","link":"https:\/\/seletlumieretv.org\/blogue\/homelie\/homelie-du-pape-francois-aux-vepres-pour-la-fete-de-la-conversion-de-saint-paul-basilique-saint-paul-hors-les-murs","title":{"rendered":"Hom\u00e9lie du pape Fran\u00e7ois aux V\u00eapres pour la f\u00eate de la conversion de saint Paul &#8211; Basilique Saint-Paul-hors-les-Murs"},"content":{"rendered":"<p>R\u00e9sum\u00e9 vid\u00e9o de Radio Vatican<br \/>\n<iframe src=\"\/\/www.youtube.com\/embed\/QkIv0D7V-P4\" height=\"343\" width=\"610\" allowfullscreen=\"\" frameborder=\"0\"><\/iframe><\/p>\n<p>Int\u00e9grale de la c\u00e9l\u00e9bration par KTO<br \/>\n<iframe src=\"\/\/www.youtube.com\/embed\/4y-xwiq7L98\" height=\"343\" width=\"610\" allowfullscreen=\"\" frameborder=\"0\"><\/iframe><\/p>\n<p><a href=\"http:\/\/seletlumieretv.org\/blogue\/wp-content\/Capture-d\u2019\u00e9cran-2014-01-26-\u00e0-08.05.50.png\"><img loading=\"lazy\" class=\"aligncenter size-full wp-image-11846\" alt=\"Capture d\u2019\u00e9cran 2014-01-26 \u00e0 08.05.50\" src=\"http:\/\/seletlumieretv.org\/blogue\/wp-content\/Capture-d\u2019\u00e9cran-2014-01-26-\u00e0-08.05.50.png\" width=\"610\" height=\"336\" srcset=\"https:\/\/seletlumieretv.org\/blogue\/wp-content\/Capture-d\u2019\u00e9cran-2014-01-26-\u00e0-08.05.50.png 855w, https:\/\/seletlumieretv.org\/blogue\/wp-content\/Capture-d\u2019\u00e9cran-2014-01-26-\u00e0-08.05.50-300x165.png 300w\" sizes=\"(max-width: 610px) 100vw, 610px\" \/><\/a>Chers fr\u00e8res et soeurs,<\/p>\n<p>\u00ab Le Christ, est-il divis\u00e9 ? \u00bb (1 Co 1, 13). Le vigoureux rappel que saint Paul place au d\u00e9but de sa Premi\u00e8re lettre aux Corinthiens, et qui a r\u00e9sonn\u00e9 dans la liturgie de ce soir, a \u00e9t\u00e9 choisi par un groupe de fr\u00e8res chr\u00e9tiens du Canada, comme piste pour notre m\u00e9ditation durant la Semaine de Pri\u00e8re de cette ann\u00e9e.<\/p>\n<p>L\u2019Ap\u00f4tre a appris avec grande tristesse que les chr\u00e9tiens de Corinthe sont divis\u00e9s en plusieurs factions. Il y a celui qui affirme : \u201cMoi, je suis \u00e0 Paul\u201d; un autre dit : \u201c Et moi, \u00e0 Apollos\u201d; un autre : \u201cEt moi, \u00e0 C\u00e9phas\u201d; et \u00e0 la fin il y a aussi celui qui soutient : \u201cEt moi, au Christ\u201d (cf. v. 12). Pas m\u00eame ceux qui entendent se r\u00e9f\u00e9rer au Christ ne peuvent \u00eatre lou\u00e9s par Paul, parce qu\u2019ils utilisent le nom de l\u2019unique Sauveur pour prendre leurs distances avec d\u2019autres fr\u00e8res \u00e0 l\u2019int\u00e9rieur de la communaut\u00e9. Autrement dit, l\u2019exp\u00e9rience particuli\u00e8re de chacun, la r\u00e9f\u00e9rence \u00e0 quelques personnes significatives de la communaut\u00e9, deviennent la norme du jugement de la foi des autres.<\/p>\n<p>Dans cette situation de division, Paul exhorte les chr\u00e9tiens de Corinthe, \u00ab par le nom de notre Seigneur J\u00e9sus Christ \u00bb, \u00e0 \u00eatre tous unanimes dans la fa\u00e7on de parler, pour qu\u2019entre eux il n\u2019y ait pas de divisions, mais une parfaite union d\u2019esprit et de sentiments (cf. v. 10). La communion que l\u2019Ap\u00f4tre invoque, cependant, ne peut \u00eatre le fruit de strat\u00e9gies humaines. La parfaite union entre les fr\u00e8res, en effet, est possible seulement en r\u00e9f\u00e9rence \u00e0 la pens\u00e9e et aux sentiments du Christ J\u00e9sus (cf. Ph 2, 5). Ce soir, alors que nous sommes r\u00e9unis ici en pri\u00e8re, nous sentons que le Christ, qui ne peut \u00eatre divis\u00e9, veut nous attirer \u00e0 lui, vers les sentiments de son coeur, vers son abandon total et confiant dans les mains du P\u00e8re, vers son d\u00e9pouillement radical par amour de l\u2019humanit\u00e9. Lui seul peut \u00eatre le principe, la cause, le moteur de notre unit\u00e9.<!--more--><\/p>\n<p>Tandis que nous nous trouvons en sa pr\u00e9sence, devenons encore plus conscients que nous ne pouvons pas consid\u00e9rer les divisions dans l\u2019\u00c9glise comme un ph\u00e9nom\u00e8ne comme naturel, in\u00e9vitable dans toute forme de vie associative. Nos divisions blessent son Corps, blessent le t\u00e9moignage que nous sommes appel\u00e9s \u00e0 lui rendre dans le monde. Le D\u00e9cret du Concile Vatican II sur l\u2019oecum\u00e9nisme, rappelant le texte de saint Paul que nous avons m\u00e9dit\u00e9, affirme de fa\u00e7on significative : \u00ab Une \u00c9glise une et unique a \u00e9t\u00e9 fond\u00e9e par le Christ Seigneur, et pourtant plusieurs communions chr\u00e9tiennes se pr\u00e9sentent aux hommes comme repr\u00e9sentant le v\u00e9ritable h\u00e9ritage de J\u00e9sus-Christ ; certes, tous confessent qu\u2019ils sont les disciples du Seigneur, mais ils ont des opinions diff\u00e9rentes et suivent des chemins diff\u00e9rents, comme si le Christ lui-m\u00eame \u00e9tait divis\u00e9 \u00bb. Et puis, il ajoute : \u00ab Assur\u00e9ment, une telle division contredit ouvertement la volont\u00e9 du Christ, et est un sujet de scandale pour le monde et une source de pr\u00e9judices pour la tr\u00e8s sainte cause de la pr\u00e9dication de l\u2019\u00c9vangile \u00e0 toute cr\u00e9ature \u00bb (Unitatis redintegratio, 1).<\/p>\n<p>Chers amis, le Christ ne peut \u00eatre divis\u00e9 ! Cette certitude doit nous encourager et nous soutenir \u00e0 poursuivre avec humilit\u00e9 et avec confiance le chemin vers le r\u00e9tablissement de la pleine unit\u00e9 visible entre tous les croyants dans le Christ. J\u2019aime penser en ce moment \u00e0 l\u2019oeuvre de deux grands Papes : le bienheureux Jean XXIII et le bienheureux Jean-Paul II. Pour tous les deux, au cours de leur vie, a m\u00fbri la conscience de l\u2019urgence de la cause de l\u2019unit\u00e9 et, une fois \u00e9lus au Si\u00e8ge de Pierre, ils ont guid\u00e9 avec d\u00e9termination le troupeau catholique tout entier sur les routes de l\u2019oecum\u00e9nisme : le Pape Jean en ouvrant des voies nouvelles et auparavant presqu\u2019impensables, le Pape Jean-Paul en proposant le dialogue oecum\u00e9nique comme dimension ordinaire et incontournable de la vie de chaque \u00c9glise particuli\u00e8re. Je leur associe aussi le Pape Paul VI, autre grand protagoniste du dialogue, dont nous rappelions justement en ces jours le cinquanti\u00e8me anniversaire de l\u2019accolade historique avec le Patriarche Ath\u00e9nagoras de Constantinople.<\/p>\n<p>L\u2019oeuvre de mes pr\u00e9d\u00e9cesseurs a fait en sorte que la dimension du dialogue oecum\u00e9nique est devenue un aspect essentiel du minist\u00e8re de l\u2019\u00c9v\u00eaque de Rome, si bien qu\u2019aujourd\u2019hui, on ne comprendrait pas pleinement le service p\u00e9trinien sans y inclure cette ouverture au dialogue avec tous les croyants dans le Christ. Nous pouvons dire aussi que le chemin oecum\u00e9nique a permis d\u2019approfondir la compr\u00e9hension du minist\u00e8re du Successeur de Pierre, et nous devons avoir confiance qu\u2019il continuera d\u2019agir dans ce sens aussi \u00e0 l\u2019avenir. Alors que nous regardons avec gratitude les pas que le Seigneur nous a permis d\u2019accomplir, et sans nous cacher les difficult\u00e9s que le dialogue oecum\u00e9nique traverse aujourd\u2019hui, nous demandons de pouvoir \u00eatre tous rev\u00eatus des sentiments du Christ, pour pouvoir marcher vers l\u2019unit\u00e9 voulue par lui.<\/p>\n<p>Dans ce climat de pri\u00e8re pour le don de l\u2019unit\u00e9, je voudrais adresser mes salutations cordiales et fraternelles \u00e0 Son \u00c9minence le M\u00e9tropolite Gennadios, repr\u00e9sentant du Patriarcat oecum\u00e9nique, \u00e0 Sa Gr\u00e2ce David Moxon, repr\u00e9sentant personnel \u00e0 Rome de l\u2019Archev\u00eaque de Canterbury, et \u00e0 tous les repr\u00e9sentants des diff\u00e9rentes \u00c9glises et Communaut\u00e9s eccl\u00e9siales, r\u00e9unies ici ce soir.<br \/>\nChers fr\u00e8res et soeurs, prions le Seigneur J\u00e9sus, qui nous a rendu membres vivants de son Corps, afin qu\u2019il nous maintienne profond\u00e9ment unis \u00e0 lui, qu\u2019il nous aide \u00e0 d\u00e9passer nos conflits, nos divisions, nos \u00e9go\u00efsmes et \u00e0 \u00eatre unis les uns aux autres dans une unique force, celle de l\u2019amour, que l\u2019Esprit Saint r\u00e9pand dans nos coeurs (cf. Rm 5, 5). Amen.<\/p>\n","protected":false},"excerpt":{"rendered":"<p>R\u00e9sum\u00e9 vid\u00e9o de Radio Vatican Int\u00e9grale de la c\u00e9l\u00e9bration par KTO Chers fr\u00e8res et soeurs, \u00ab Le Christ, est-il divis\u00e9 ? \u00bb (1 Co 1, 13). Le vigoureux rappel que saint Paul place au d\u00e9but de sa Premi\u00e8re lettre aux Corinthiens, et qui a r\u00e9sonn\u00e9 dans la liturgie de ce soir, a \u00e9t\u00e9 choisi par [&hellip;]<\/p>\n","protected":false},"author":43,"featured_media":0,"comment_status":"open","ping_status":"open","sticky":false,"template":"","format":"standard","meta":{"_links_to":"","_links_to_target":""},"categories":[271,1185],"tags":[],"_links":{"self":[{"href":"https:\/\/seletlumieretv.org\/blogue\/wp-json\/wp\/v2\/posts\/11843"}],"collection":[{"href":"https:\/\/seletlumieretv.org\/blogue\/wp-json\/wp\/v2\/posts"}],"about":[{"href":"https:\/\/seletlumieretv.org\/blogue\/wp-json\/wp\/v2\/types\/post"}],"author":[{"embeddable":true,"href":"https:\/\/seletlumieretv.org\/blogue\/wp-json\/wp\/v2\/users\/43"}],"replies":[{"embeddable":true,"href":"https:\/\/seletlumieretv.org\/blogue\/wp-json\/wp\/v2\/comments?post=11843"}],"version-history":[{"count":3,"href":"https:\/\/seletlumieretv.org\/blogue\/wp-json\/wp\/v2\/posts\/11843\/revisions"}],"predecessor-version":[{"id":11847,"href":"https:\/\/seletlumieretv.org\/blogue\/wp-json\/wp\/v2\/posts\/11843\/revisions\/11847"}],"wp:attachment":[{"href":"https:\/\/seletlumieretv.org\/blogue\/wp-json\/wp\/v2\/media?parent=11843"}],"wp:term":[{"taxonomy":"category","embeddable":true,"href":"https:\/\/seletlumieretv.org\/blogue\/wp-json\/wp\/v2\/categories?post=11843"},{"taxonomy":"post_tag","embeddable":true,"href":"https:\/\/seletlumieretv.org\/blogue\/wp-json\/wp\/v2\/tags?post=11843"}],"curies":[{"name":"wp","href":"https:\/\/api.w.org\/{rel}","templated":true}]}}