{"id":11734,"date":"2014-01-10T09:12:37","date_gmt":"2014-01-10T14:12:37","guid":{"rendered":"http:\/\/seletlumieretv.org\/blogue\/?p=11734"},"modified":"2014-01-10T09:12:37","modified_gmt":"2014-01-10T14:12:37","slug":"trop-de-chretiens-en-deroute-a-lesperance-diluee","status":"publish","type":"post","link":"https:\/\/seletlumieretv.org\/blogue\/homelie\/trop-de-chretiens-en-deroute-a-lesperance-diluee","title":{"rendered":"\u00ab Trop de chr\u00e9tiens en d\u00e9route, \u00e0 l&#8217;esp\u00e9rance dilu\u00e9e \u00bb"},"content":{"rendered":"<p><iframe width=\"610\" height=\"343\" src=\"\/\/www.youtube.com\/embed\/WCYebxfhkXQ\" frameborder=\"0\" allowfullscreen><\/iframe><\/p>\n<p><a href=\"http:\/\/seletlumieretv.org\/blogue\/wp-content\/1_0_762742.jpg\"><img loading=\"lazy\" class=\"alignleft size-full wp-image-11735\" alt=\"1_0_762742\" src=\"http:\/\/seletlumieretv.org\/blogue\/wp-content\/1_0_762742.jpg\" width=\"250\" height=\"166\" \/><\/a>\u00ab\u00a0<i>L\u2019Eglise est pleine de chr\u00e9tiens en d\u00e9route, qui ne croient pas que la foi est victoire\u00a0<\/i>\u00bb. C\u2019est la pens\u00e9e d\u00e9velopp\u00e9e par le Pape Fran\u00e7ois ce vendredi matin dans l\u2019hom\u00e9lie de la messe c\u00e9l\u00e9br\u00e9e en la chapelle de la Maison Sainte Marthe. \u00ab\u00a0<i>Trop de chr\u00e9tiens n\u2019ont qu\u2019une esp\u00e9rance dilu\u00e9e, sans force : une esp\u00e9rance faible<\/i>\u00a0\u00bb, \u00ab<i>\u00a0trop de chr\u00e9tiens n\u2019ont pas la force et le courage de se confier au Seigneur\u00a0<\/i>\u00bb.<\/p>\n<p>\u00ab\u00a0<i>Je n\u2019ai pas peur de le dire<\/i>\u00a0\u00bb, a poursuivi le Pape en parlant de la pri\u00e8re, \u00ab l<i>e thermom\u00e8tre de la vie de l\u2019Eglise est bien bas : je vois peu de capacit\u00e9 d\u2019adorer le Seigneur, tout simplement parce que dans la confession de la foi, nous ne sommes pas convaincus, ou seulement convaincus \u00e0 moiti\u00e9\u00a0<\/i>\u00bb. \u00ab\u00a0<i>L\u2019homme ou la femme qui a la foi \u00bb, a jout\u00e9 le Pape, \u00ab se confie \u00e0 Dieu : il se confie\u00a0<\/i>! \u00bb \u00ab\u00a0<i>Mais s\u2019il ne vit pas cette foi dans la victoire, alors c\u2019est la d\u00e9route et c\u2019est le monde qui l\u2019emporte, le Prince du monde, c\u2019est-\u00e0-dire le d\u00e9mon<\/i>\u00a0\u00bb. Et le Pape de citer l\u2019ap\u00f4tre Paul qui, dans un moment difficile de sa vie, disait : \u00ab J<i>e sais bien \u00e0 qui je me suis confi\u00e9<\/i>\u00a0\u00bb. \u00ab\u00a0<i>En effet, il s\u2019\u00e9tait confi\u00e9 \u00bb, a rappel\u00e9 le Pape, \u00ab au Seigneur J\u00e9sus\u00a0<\/i>\u00bb.<\/p>\n<p>\u00ab\u00a0<i>Il faut se confier, car cela nous porte \u00e0 l\u2019esp\u00e9rance\u00a0<\/i>\u00bb. \u00ab\u00a0<i>Comme la confession de la foi nous porte \u00e0 l\u2019adoration et \u00e0 la louange de Dieu, de la m\u00eame mani\u00e8re se confier \u00e0 Dieu nous porte \u00e0 une attitude d\u2019esp\u00e9rance\u00a0<\/i>\u00bb.\u00ab\u00a0<i>Confesser sa foi, expliquait le Pape, demande que l\u2019on croit non pas en partie ou \u00e0 moiti\u00e9, mais de croire toute la foi, cette foi qui est arriv\u00e9e \u00e0 nous par la voie de la tradition : toute la foi !<\/i>\u00a0\u00bb \u00ab\u00a0<i>Et comment puis-je savoir si moi je confesse bien la foi ? Et bien celui qui confesse bien la foi, toute la foi, est capable d\u2019adorer Dieu, adorer Dieu\u00a0<\/i>\u00bb . Le Pape ajoutait que \u00ab<i>\u00a0la premi\u00e8re attitude \u00e0 avoir est de confesser sa foi et la prot\u00e9ger. L\u2019autre attitude est de se confier \u00e0 Dieu<\/i>\u00a0\u00bb.<\/p>\n<p>Radio Vatican<\/p>\n","protected":false},"excerpt":{"rendered":"<p>\u00ab\u00a0L\u2019Eglise est pleine de chr\u00e9tiens en d\u00e9route, qui ne croient pas que la foi est victoire\u00a0\u00bb. C\u2019est la pens\u00e9e d\u00e9velopp\u00e9e par le Pape Fran\u00e7ois ce vendredi matin dans l\u2019hom\u00e9lie de la messe c\u00e9l\u00e9br\u00e9e en la chapelle de la Maison Sainte Marthe. \u00ab\u00a0Trop de chr\u00e9tiens n\u2019ont qu\u2019une esp\u00e9rance dilu\u00e9e, sans force : une esp\u00e9rance faible\u00a0\u00bb, \u00ab\u00a0trop [&hellip;]<\/p>\n","protected":false},"author":43,"featured_media":0,"comment_status":"open","ping_status":"open","sticky":false,"template":"","format":"standard","meta":{"_links_to":"","_links_to_target":""},"categories":[271,1185],"tags":[],"_links":{"self":[{"href":"https:\/\/seletlumieretv.org\/blogue\/wp-json\/wp\/v2\/posts\/11734"}],"collection":[{"href":"https:\/\/seletlumieretv.org\/blogue\/wp-json\/wp\/v2\/posts"}],"about":[{"href":"https:\/\/seletlumieretv.org\/blogue\/wp-json\/wp\/v2\/types\/post"}],"author":[{"embeddable":true,"href":"https:\/\/seletlumieretv.org\/blogue\/wp-json\/wp\/v2\/users\/43"}],"replies":[{"embeddable":true,"href":"https:\/\/seletlumieretv.org\/blogue\/wp-json\/wp\/v2\/comments?post=11734"}],"version-history":[{"count":1,"href":"https:\/\/seletlumieretv.org\/blogue\/wp-json\/wp\/v2\/posts\/11734\/revisions"}],"predecessor-version":[{"id":11736,"href":"https:\/\/seletlumieretv.org\/blogue\/wp-json\/wp\/v2\/posts\/11734\/revisions\/11736"}],"wp:attachment":[{"href":"https:\/\/seletlumieretv.org\/blogue\/wp-json\/wp\/v2\/media?parent=11734"}],"wp:term":[{"taxonomy":"category","embeddable":true,"href":"https:\/\/seletlumieretv.org\/blogue\/wp-json\/wp\/v2\/categories?post=11734"},{"taxonomy":"post_tag","embeddable":true,"href":"https:\/\/seletlumieretv.org\/blogue\/wp-json\/wp\/v2\/tags?post=11734"}],"curies":[{"name":"wp","href":"https:\/\/api.w.org\/{rel}","templated":true}]}}