{"id":11722,"date":"2014-01-09T09:04:49","date_gmt":"2014-01-09T14:04:49","guid":{"rendered":"http:\/\/seletlumieretv.org\/blogue\/?p=11722"},"modified":"2014-01-09T10:09:58","modified_gmt":"2014-01-09T15:09:58","slug":"lamour-de-dieu-nest-pas-celui-des-feuilletons-tele","status":"publish","type":"post","link":"https:\/\/seletlumieretv.org\/blogue\/homelie\/lamour-de-dieu-nest-pas-celui-des-feuilletons-tele","title":{"rendered":"\u00ab L&#8217;amour de Dieu n&#8217;est pas celui des feuilletons t\u00e9l\u00e9 \u00bb"},"content":{"rendered":"<p><iframe width=\"610\" height=\"343\" src=\"\/\/www.youtube.com\/embed\/gjNSQynUg_A\" frameborder=\"0\" allowfullscreen><\/iframe><\/p>\n<p><a href=\"http:\/\/seletlumieretv.org\/blogue\/wp-content\/1_0_762454.jpg\"><img loading=\"lazy\" class=\"alignleft size-full wp-image-11723\" alt=\"1_0_762454\" src=\"http:\/\/seletlumieretv.org\/blogue\/wp-content\/1_0_762454.jpg\" width=\"250\" height=\"166\" \/><\/a>L\u2019amour chr\u00e9tien a toujours pour caract\u00e9ristique d\u2019\u00eatre \u00ab concret \u00bb. Donc, c\u2019est un amour qui \u00ab est plus dans les \u0153uvres que dans les paroles \u00bb, qui est \u00ab plus dans le fait de donner que de recevoir \u00bb. Voil\u00e0 ce qu\u2019a r\u00e9affirm\u00e9 ce jeudi matin le Pape Fran\u00e7ois, durant l\u2019hom\u00e9lie de la Messe pr\u00e9sid\u00e9e en la chapelle de la Maison Sainte Marthe.<\/p>\n<p>Pas de romantisme \u00e0 l\u2019eau de rose : ou s\u2019agit-il d\u2019un amour altruiste et bienveillant, qui se retrousse les manches et s\u2019occupe des pauvres, en pr\u00e9f\u00e9rant donner plut\u00f4t que recevoir, ou cela n\u2019a rien \u00e0 voir avec l\u2019amour chr\u00e9tien. Le Pape Fran\u00e7ois est clair et net sur la question et m\u00e8ne sa r\u00e9flexion en partant de la premi\u00e8re \u00e9pitre de Jean, o\u00f9 l\u2019ap\u00f4tre r\u00e9p\u00e8te avec insistance : \u00ab Si nous nous aimons les uns les autres, Dieu reste en nous et son amour est parfait en nous \u00bb. L\u2019exp\u00e9rience de la foi, souligne le Pape, r\u00e9side justement dans cette \u00ab double r\u00e9sidence \u00bb :<br \/>\n\u00ab Nous en Dieu et Dieu en nous : voil\u00e0 la vie chr\u00e9tienne. Ne pas rester dans l\u2019esprit du monde, ne pas rester dans la superficialit\u00e9, dans l\u2019idol\u00e2trie, dans la vanit\u00e9. Non, il faut rester dans le Seigneur. Et Lui nous le rend bien : Il reste en nous. Souvent, nous le chassons de nos vies et nous ne pouvons rester en Lui. \u00bb<\/p>\n<p><b>Rester dans l&#8217;amour de Dieu<\/b><\/p>\n<p>Une fois \u00e9claircie la dynamique de l\u2019esprit qui meut l\u2019amour chr\u00e9tien, le Pape Fran\u00e7ois a tenu \u00e0 en examiner la substance. \u00ab Rester dans l\u2019amour \u00bbde Dieu, affirmait-il, ce n\u2019est pas tellement une extase du c\u0153ur :<\/p>\n<p>\u00ab Sachez que l\u2019amour dont parle Jean n\u2019est pas l\u2019amour des feuilletons de t\u00e9l\u00e9vision ! Non, c\u2019est tout \u00e0 fait autre chose. L\u2019amour chr\u00e9tien a toujours une qualit\u00e9 : sa dimension concr\u00e8te. L\u2019amour chr\u00e9tien est concret. J\u00e9sus lui-m\u00eame, quand il parle de l\u2019amour, il nous parle de choses concr\u00e8tes: donner \u00e0 manger aux affam\u00e9s, visiter les malades et tellement de choses concr\u00e8tes. L\u2019amour est concret. Et quand cette dimension concr\u00e8te est absente, on vit un christianisme d\u2019illusions, parce que l\u2019on ne comprend pas bien o\u00f9 se trouve le centre du message du J\u00e9sus.<br \/>\nCet amour n\u2019arrive pas \u00e0 \u00eatre concret : c\u2019est un amour illusoire, comme ces illusions qu\u2019avaient les disciples quand, en regardant J\u00e9sus, ils croyaient qu\u2019il \u00e9tait un fant\u00f4me \u00bb.<!--more--><\/p>\n<p><b>Un coeur endurci ne peut aimer<\/b><\/p>\n<p>Le \u00ab fant\u00f4me \u00bb, c\u2019est celui que les disciples, dans l\u2019\u00e9pisode de l\u2019Evangile d\u2019aujourd\u2019hui, d\u00e9couvrent \u00e9merveill\u00e9s et craintifs et qui vient vers eux en marchant sur la mer. Mais leur stupeur provient de la duret\u00e9 de leur c\u0153ur, parce \u00ab qu\u2019ils n\u2019avaient pas compris \u00bb, nous dit l\u2019Evangile, la multiplication des pains survenue peu de temps auparavant. \u00ab Si tu as le c\u0153ur endurci, ajoutait le Pape Fran\u00e7ois, tu ne peux aimer et tu penses que l\u2019amour c\u2019est de s\u2019imaginer des choses. Non, l\u2019amour est concret \u00bb. Et cette dimension concr\u00e8te se fonde sur deux crit\u00e8res :<\/p>\n<p>\u00ab Premier crit\u00e8re : aimer par les \u0153uvres, non avec les paroles. Les paroles, le vent les emporte ! Aujourd\u2019hui elles sont l\u00e0, demain elles ont disparu. Le second crit\u00e8re de la dimension concr\u00e8te : dans l\u2019amour il est plus important de donner que de recevoir. Celui qui aime donne, donne\u2026Il donne des choses, la vie, il se donne \u00e0 Dieu et aux autres. Par contre celui qui n\u2019aime pas, qui est \u00e9go\u00efste, cherche toujours \u00e0 recevoir, \u00e0 obtenir des choses, des avantages. Rester avec le c\u0153ur ouvert, non pas comme les disciples dont le c\u0153ur \u00e9tait ferm\u00e9, qui ne comprenaient rien : rester en Dieu et voil\u00e0 que Dieu reste en nous ; rester dans l\u2019amour \u00bb.<\/p>\n<p><em>Radio Vatican<\/em><\/p>\n","protected":false},"excerpt":{"rendered":"<p>L\u2019amour chr\u00e9tien a toujours pour caract\u00e9ristique d\u2019\u00eatre \u00ab concret \u00bb. Donc, c\u2019est un amour qui \u00ab est plus dans les \u0153uvres que dans les paroles \u00bb, qui est \u00ab plus dans le fait de donner que de recevoir \u00bb. Voil\u00e0 ce qu\u2019a r\u00e9affirm\u00e9 ce jeudi matin le Pape Fran\u00e7ois, durant l\u2019hom\u00e9lie de la Messe pr\u00e9sid\u00e9e [&hellip;]<\/p>\n","protected":false},"author":43,"featured_media":0,"comment_status":"open","ping_status":"open","sticky":false,"template":"","format":"standard","meta":{"_links_to":"","_links_to_target":""},"categories":[271,1185],"tags":[],"_links":{"self":[{"href":"https:\/\/seletlumieretv.org\/blogue\/wp-json\/wp\/v2\/posts\/11722"}],"collection":[{"href":"https:\/\/seletlumieretv.org\/blogue\/wp-json\/wp\/v2\/posts"}],"about":[{"href":"https:\/\/seletlumieretv.org\/blogue\/wp-json\/wp\/v2\/types\/post"}],"author":[{"embeddable":true,"href":"https:\/\/seletlumieretv.org\/blogue\/wp-json\/wp\/v2\/users\/43"}],"replies":[{"embeddable":true,"href":"https:\/\/seletlumieretv.org\/blogue\/wp-json\/wp\/v2\/comments?post=11722"}],"version-history":[{"count":3,"href":"https:\/\/seletlumieretv.org\/blogue\/wp-json\/wp\/v2\/posts\/11722\/revisions"}],"predecessor-version":[{"id":11726,"href":"https:\/\/seletlumieretv.org\/blogue\/wp-json\/wp\/v2\/posts\/11722\/revisions\/11726"}],"wp:attachment":[{"href":"https:\/\/seletlumieretv.org\/blogue\/wp-json\/wp\/v2\/media?parent=11722"}],"wp:term":[{"taxonomy":"category","embeddable":true,"href":"https:\/\/seletlumieretv.org\/blogue\/wp-json\/wp\/v2\/categories?post=11722"},{"taxonomy":"post_tag","embeddable":true,"href":"https:\/\/seletlumieretv.org\/blogue\/wp-json\/wp\/v2\/tags?post=11722"}],"curies":[{"name":"wp","href":"https:\/\/api.w.org\/{rel}","templated":true}]}}