{"id":11653,"date":"2013-12-26T08:08:01","date_gmt":"2013-12-26T13:08:01","guid":{"rendered":"http:\/\/seletlumieretv.org\/blogue\/?p=11653"},"modified":"2013-12-26T09:20:03","modified_gmt":"2013-12-26T14:20:03","slug":"homelie-du-pape-francois-a-la-messe-de-minuit","status":"publish","type":"post","link":"https:\/\/seletlumieretv.org\/blogue\/fete-liturgique\/homelie-du-pape-francois-a-la-messe-de-minuit","title":{"rendered":"Hom\u00e9lie du pape Fran\u00e7ois \u00e0 la Messe de Minuit"},"content":{"rendered":"<p><iframe width=\"610\" height=\"343\" src=\"\/\/www.youtube.com\/embed\/1QpdG8GG2bo\" frameborder=\"0\" allowfullscreen><\/iframe><\/p>\n<p><a href=\"http:\/\/seletlumieretv.org\/blogue\/wp-content\/christmas-eve-e1387928467192.jpg\"><img loading=\"lazy\" class=\"aligncenter size-full wp-image-11655\" alt=\"christmas-eve-e1387928467192\" src=\"http:\/\/seletlumieretv.org\/blogue\/wp-content\/christmas-eve-e1387928467192.jpg\" width=\"608\" height=\"344\" srcset=\"https:\/\/seletlumieretv.org\/blogue\/wp-content\/christmas-eve-e1387928467192.jpg 608w, https:\/\/seletlumieretv.org\/blogue\/wp-content\/christmas-eve-e1387928467192-300x169.jpg 300w\" sizes=\"(max-width: 608px) 100vw, 608px\" \/><\/a>1. <em>\u00abLe peuple qui marchait dans les t\u00e9n\u00e8bres a vu se lever une grande lumi\u00e8re \u00bb<\/em> (Is 9,1).<br \/>\nCette proph\u00e9tie d\u2019Isa\u00efe ne finit jamais de nous \u00e9mouvoir, sp\u00e9cialement quand nous l\u2019\u00e9coutons dans la Liturgie de la Nuit de No\u00ebl. Et ce n\u2019est pas seulement un fait \u00e9motif, sentimental ; elle nous \u00e9meut parce qu\u2019elle dit la r\u00e9alit\u00e9 profonde de ce que nous sommes : nous sommes un peuple en chemin, et autour de nous \u2013 et aussi en nous \u2013 il y a t\u00e9n\u00e8bres et lumi\u00e8re. Et en cette nuit, tandis que l\u2019esprit des t\u00e9n\u00e8bres enveloppe le monde, se renouvelle l\u2019\u00e9v\u00e8nement qui nous \u00e9merveille toujours et nous surprend : le peuple en marche voit une grande lumi\u00e8re. Une lumi\u00e8re qui nous fait r\u00e9fl\u00e9chir sur ce myst\u00e8re : myst\u00e8re du marcher et du voir.<\/p>\n<p>Marcher. Ce verbe nous fait penser au cours de l\u2019histoire, \u00e0 ce long chemin qu\u2019est l\u2019histoire du salut, \u00e0 commencer par Abraham, notre p\u00e8re dans la foi, que le Seigneur appela un jour \u00e0 partir, \u00e0 sortir de son pays pour aller vers la terre qu\u2019il lui indiquerait. Depuis lors, notre identit\u00e9 de croyants est celle de personnes en marche vers la terre promise. Cette histoire est toujours accompagn\u00e9e par le Seigneur ! Il est toujours fid\u00e8le \u00e0 son alliance et \u00e0 ses promesses. Parce qu\u2019il est fid\u00e8le, \u00ab Dieu est lumi\u00e8re, en lui point de t\u00e9n\u00e8bres \u00bb (1 Jn 1, 5). De la part du peuple, au contraire, alternent des moments de lumi\u00e8re et de t\u00e9n\u00e8bres, de fid\u00e9lit\u00e9 et d\u2019infid\u00e9lit\u00e9, d\u2019ob\u00e9issance et de r\u00e9bellion ; moments de peuple p\u00e8lerin et moments de peuple errant.<\/p>\n<p>Dans notre histoire personnelle aussi, alternent des moments lumineux et obscurs, lumi\u00e8res et ombres. Si nous aimons Dieu et nos fr\u00e8res, nous marchons dans la lumi\u00e8re, mais si notre c\u0153ur se ferme, si l\u2019orgueil, le mensonge, la recherche de notre int\u00e9r\u00eat propre dominent en nous, alors les t\u00e9n\u00e8bres descendent en nous et autour de nous. \u00ab Celui qui a de la haine contre son fr\u00e8re \u2013 \u00e9crit l\u2019ap\u00f4tre Jean \u2013 est dans les t\u00e9n\u00e8bres : il marche dans les t\u00e9n\u00e8bres, sans savoir o\u00f9 il va, parce que les t\u00e9n\u00e8bres l\u2019ont rendu aveugle \u00bb (1 Jn 2, 11). Peuple en marche, mais peuple p\u00e8lerin qui ne veut pas \u00eatre peuple errant.<!--more--><\/p>\n<p>2. En cette nuit, comme un faisceau de lumi\u00e8re d\u2019une grande clart\u00e9, r\u00e9sonne l\u2019annonce de l\u2019Ap\u00f4tre : <em>\u00ab La gr\u00e2ce de Dieu s\u2019est manifest\u00e9e pour le salut de tous les hommes \u00bb<\/em> (Tt 2, 11).<br \/>\nLa gr\u00e2ce qui est apparue dans le monde c\u2019est J\u00e9sus, n\u00e9 de la Vierge Marie, vrai homme et vrai Dieu. Il est venu dans notre histoire, il a partag\u00e9 notre chemin. Il est venu pour nous lib\u00e9rer des t\u00e9n\u00e8bres et nous donner la lumi\u00e8re. En Lui est apparue la gr\u00e2ce, la mis\u00e9ricorde, la tendresse du P\u00e8re : J\u00e9sus est l\u2019Amour qui s\u2019est fait chair. Il n\u2019est pas seulement un ma\u00eetre de sagesse, il n\u2019est pas un id\u00e9al vers lequel nous tendons et dont nous savons que nous sommes inexorablement \u00e9loign\u00e9s, il est le sens de la vie et de l\u2019histoire, qui a \u00e9tabli sa tente au milieu de nous.<\/p>\n<p>3. Les bergers ont \u00e9t\u00e9 les premiers \u00e0 voir cette &#8220;tente&#8221;, \u00e0 recevoir l\u2019annonce de la naissance de J\u00e9sus. Ils ont \u00e9t\u00e9 les premiers parce qu\u2019ils \u00e9taient parmi les derniers, les marginalis\u00e9s. Et ils ont \u00e9t\u00e9 les premiers parce qu\u2019ils veillaient dans la nuit, gardant leurs troupeaux. C\u2019est une loi du p\u00e8lerin de veiller, et eux veillaient. Avec eux, arr\u00eatons-nous devant l\u2019Enfant, arr\u00eatons-nous en silence. Avec eux remercions le Seigneur de nous avoir donn\u00e9 J\u00e9sus, et avec eux laissons monter du plus profond de notre c\u0153ur la louange de sa fid\u00e9lit\u00e9 : Nous te b\u00e9nissons, Seigneur Dieu Tr\u00e8s-Haut, qui t\u2019es abaiss\u00e9 pour nous. Tu es immense, et tu t\u2019es fait petit ; tu es riche, et tu t\u2019es fait pauvre ; tu es le tout-puissant, et tu t\u2019es fait faible.<\/p>\n<p>En cette Nuit, partageons la joie de l\u2019\u00c9vangile : Dieu nous aime, il nous aime tant qu\u2019il a donn\u00e9 son Fils comme notre fr\u00e8re, comme lumi\u00e8re dans nos t\u00e9n\u00e8bres. Le Seigneur nous r\u00e9p\u00e8te : \u00ab Ne craignez-pas \u00bb (Lc 2, 10). Comme les anges ont dit aux bergers : \u00ab Ne craignez pas \u00bb. Et moi aussi je r\u00e9p\u00e8te \u00e0 vous tous : Ne craignez pas ! Notre P\u00e8re est patient, il nous aime, il nous donne J\u00e9sus pour nous guider sur le chemin vers la terre promise. Il est la lumi\u00e8re qui resplendit dans les t\u00e9n\u00e8bres. Il est la mis\u00e9ricorde : notre P\u00e8re nous pardonne toujours. Il est notre paix. Amen.<\/p>\n","protected":false},"excerpt":{"rendered":"<p>1. \u00abLe peuple qui marchait dans les t\u00e9n\u00e8bres a vu se lever une grande lumi\u00e8re \u00bb (Is 9,1). Cette proph\u00e9tie d\u2019Isa\u00efe ne finit jamais de nous \u00e9mouvoir, sp\u00e9cialement quand nous l\u2019\u00e9coutons dans la Liturgie de la Nuit de No\u00ebl. Et ce n\u2019est pas seulement un fait \u00e9motif, sentimental ; elle nous \u00e9meut parce qu\u2019elle dit [&hellip;]<\/p>\n","protected":false},"author":43,"featured_media":0,"comment_status":"open","ping_status":"open","sticky":false,"template":"","format":"standard","meta":{"_links_to":"","_links_to_target":""},"categories":[1097,209,271,1185],"tags":[],"_links":{"self":[{"href":"https:\/\/seletlumieretv.org\/blogue\/wp-json\/wp\/v2\/posts\/11653"}],"collection":[{"href":"https:\/\/seletlumieretv.org\/blogue\/wp-json\/wp\/v2\/posts"}],"about":[{"href":"https:\/\/seletlumieretv.org\/blogue\/wp-json\/wp\/v2\/types\/post"}],"author":[{"embeddable":true,"href":"https:\/\/seletlumieretv.org\/blogue\/wp-json\/wp\/v2\/users\/43"}],"replies":[{"embeddable":true,"href":"https:\/\/seletlumieretv.org\/blogue\/wp-json\/wp\/v2\/comments?post=11653"}],"version-history":[{"count":4,"href":"https:\/\/seletlumieretv.org\/blogue\/wp-json\/wp\/v2\/posts\/11653\/revisions"}],"predecessor-version":[{"id":11657,"href":"https:\/\/seletlumieretv.org\/blogue\/wp-json\/wp\/v2\/posts\/11653\/revisions\/11657"}],"wp:attachment":[{"href":"https:\/\/seletlumieretv.org\/blogue\/wp-json\/wp\/v2\/media?parent=11653"}],"wp:term":[{"taxonomy":"category","embeddable":true,"href":"https:\/\/seletlumieretv.org\/blogue\/wp-json\/wp\/v2\/categories?post=11653"},{"taxonomy":"post_tag","embeddable":true,"href":"https:\/\/seletlumieretv.org\/blogue\/wp-json\/wp\/v2\/tags?post=11653"}],"curies":[{"name":"wp","href":"https:\/\/api.w.org\/{rel}","templated":true}]}}