{"id":11592,"date":"2013-12-17T09:22:08","date_gmt":"2013-12-17T14:22:08","guid":{"rendered":"http:\/\/seletlumieretv.org\/blogue\/?p=11592"},"modified":"2013-12-17T09:22:08","modified_gmt":"2013-12-17T14:22:08","slug":"pape-francois-dieu-chemine-avec-nous","status":"publish","type":"post","link":"https:\/\/seletlumieretv.org\/blogue\/homelie\/pape-francois-dieu-chemine-avec-nous","title":{"rendered":"Pape Fran\u00e7ois : \u00ab Dieu chemine avec nous ! \u00bb"},"content":{"rendered":"<p><a href=\"http:\/\/seletlumieretv.org\/blogue\/wp-content\/1_0_756356.jpg\"><img loading=\"lazy\" class=\"alignleft size-full wp-image-11593\" alt=\"1_0_756356\" src=\"http:\/\/seletlumieretv.org\/blogue\/wp-content\/1_0_756356.jpg\" width=\"250\" height=\"166\" \/><\/a>77\u00e8me anniversaire du Pape Fran\u00e7ois ce mardi. Comme \u00e0 son habitude, le Pape a c\u00e9l\u00e9br\u00e9 la messe en la chapelle de la Maison Sainte-Marthe. A cette occasion, il a souhait\u00e9 avoir autour de lui le personnel de cette maison, de mani\u00e8re \u00e0 recr\u00e9er une ambiance familiale \u00e0 laquelle il tient tout particuli\u00e8rement. A ses c\u00f4t\u00e9s pour conc\u00e9l\u00e9brer la messe, \u00e9tait pr\u00e9sent le cardinal Angelo Sodano, doyen du Coll\u00e8ge cardinalice.<\/p>\n<p>Fid\u00e8le \u00e0 lui-m\u00eame, le Pape Fran\u00e7ois a accueilli lors de cette messe quatre sans-abris vivant pr\u00e8s du Vatican. Ils ont \u00e9t\u00e9 pr\u00e9sent\u00e9s par son aum\u00f4nier Mgr Krajewski. Aux c\u00f4t\u00e9s de Mgr Parolin, le secr\u00e9taire d\u2019Etat du Saint-Si\u00e8ge, venu lui aussi pr\u00e9senter ses v\u0153ux au Pape, tous sont all\u00e9s prendre le petit-d\u00e9jeuner dans le r\u00e9fectoire de la Maison Sainte-Marthe.\u00a0<b>Les pr\u00e9cisions de Xavier Sartre :\u00a0<\/b><b><span style=\"text-decoration: underline;\"><a href=\"http:\/\/media01.radiovaticana.va\/audio\/ra\/00404896.RM\"><img alt=\"RealAudio\" src=\"http:\/\/fr.radiovaticana.va\/global_images\/ra_icon.gif\" border=\"0\" \/><\/a><a href=\"http:\/\/media01.radiovaticana.va\/audiomp3\/00404896.MP3\"><img alt=\"MP3\" src=\"http:\/\/fr.radiovaticana.va\/global_images\/mp3_icon.gif\" border=\"0\" \/><\/a>\u00a0<\/span><\/b><b><\/b><\/p>\n<p>Auparavant, dans son hom\u00e9lie, le Pape est revenu sur la g\u00e9n\u00e9alogie de J\u00e9sus, au centre de l\u2019\u00cavangile de ce jour :\u00a0<i>\u00ab J\u2019ai entendu un jour quelqu\u2019un dire : \u201cmais cet extrait de l\u2019\u00cavangile, on dirait l\u2019annuaire t\u00e9l\u00e9phonique\u201d. Et non, c\u2019est tout autre chose. Cet extrait de l\u2019\u00cavangile est une vraie histoire et traite d\u2019un sujet important. Dieu a envoy\u00e9 son Fils. Et J\u00e9sus est consubstantiel au P\u00e8re, Dieu, mais aussi consubstantiel \u00e0 la M\u00e8re. Dieu s\u2019est fait histoire, Dieu a voulu se faire histoire. Il est avec nous. \u00bb<\/i><\/p>\n<p>Et cette marche a \u00e9t\u00e9 entam\u00e9e avec Abraham, puis a \u00e9t\u00e9 poursuivie par Isaac, Jacob et Judas. Dieu chemine avec nous tous, y compris les p\u00e9cheurs, m\u00eame les plus grands. Et de se demander : quel est le nom de Dieu ?\u00a0<i>\u00ab C\u2019est nous,\u00a0<\/i>s\u2019est exclam\u00e9 le Pape<i>. Il prend notre nom pour en faire le sien \u00bb.\u00a0<\/i>A l\u2019approche de No\u00ebl, il a invit\u00e9 les fid\u00e8les \u00e0 laisser Dieu \u00e9crire notre histoire, c\u2019est-\u00e0-dire celle de la saintet\u00e9. \u00ab\u00a0<i>Que le Seigneur \u00e9crive ton histoire et que toi, tu le laisses \u00e9crire la tienne<\/i>\u00a0\u00bb a-t-il conclu.<\/p>\n<p><i>Photo : les sans-abris re\u00e7us par le Pape Fran\u00e7ois lors de la messe c\u00e9l\u00e9br\u00e9e \u00e0 la Maison Sainte-Marthe le 17 d\u00e9cembre 2013, jour de son anniversaire<\/i><\/p>\n<p>Radio Vatican<\/p>\n","protected":false},"excerpt":{"rendered":"<p>77\u00e8me anniversaire du Pape Fran\u00e7ois ce mardi. Comme \u00e0 son habitude, le Pape a c\u00e9l\u00e9br\u00e9 la messe en la chapelle de la Maison Sainte-Marthe. A cette occasion, il a souhait\u00e9 avoir autour de lui le personnel de cette maison, de mani\u00e8re \u00e0 recr\u00e9er une ambiance familiale \u00e0 laquelle il tient tout particuli\u00e8rement. A ses c\u00f4t\u00e9s [&hellip;]<\/p>\n","protected":false},"author":43,"featured_media":0,"comment_status":"open","ping_status":"open","sticky":false,"template":"","format":"standard","meta":{"_links_to":"","_links_to_target":""},"categories":[271,1185],"tags":[],"_links":{"self":[{"href":"https:\/\/seletlumieretv.org\/blogue\/wp-json\/wp\/v2\/posts\/11592"}],"collection":[{"href":"https:\/\/seletlumieretv.org\/blogue\/wp-json\/wp\/v2\/posts"}],"about":[{"href":"https:\/\/seletlumieretv.org\/blogue\/wp-json\/wp\/v2\/types\/post"}],"author":[{"embeddable":true,"href":"https:\/\/seletlumieretv.org\/blogue\/wp-json\/wp\/v2\/users\/43"}],"replies":[{"embeddable":true,"href":"https:\/\/seletlumieretv.org\/blogue\/wp-json\/wp\/v2\/comments?post=11592"}],"version-history":[{"count":0,"href":"https:\/\/seletlumieretv.org\/blogue\/wp-json\/wp\/v2\/posts\/11592\/revisions"}],"wp:attachment":[{"href":"https:\/\/seletlumieretv.org\/blogue\/wp-json\/wp\/v2\/media?parent=11592"}],"wp:term":[{"taxonomy":"category","embeddable":true,"href":"https:\/\/seletlumieretv.org\/blogue\/wp-json\/wp\/v2\/categories?post=11592"},{"taxonomy":"post_tag","embeddable":true,"href":"https:\/\/seletlumieretv.org\/blogue\/wp-json\/wp\/v2\/tags?post=11592"}],"curies":[{"name":"wp","href":"https:\/\/api.w.org\/{rel}","templated":true}]}}