{"id":10770,"date":"2013-07-28T09:57:38","date_gmt":"2013-07-28T13:57:38","guid":{"rendered":"http:\/\/seletlumieretv.org\/blogue\/?p=10770"},"modified":"2013-07-28T10:32:08","modified_gmt":"2013-07-28T14:32:08","slug":"messe-pour-la-xxviiie-journee-mondiale-de-la-jeunesse","status":"publish","type":"post","link":"https:\/\/seletlumieretv.org\/blogue\/homelie\/messe-pour-la-xxviiie-journee-mondiale-de-la-jeunesse","title":{"rendered":"Hom\u00e9lie du pape Fran\u00e7ois &#8211; Messe pour la XXVIIIe Journ\u00e9e mondiale de la Jeunesse"},"content":{"rendered":"<p><a href=\"http:\/\/seletlumieretv.org\/blogue\/wp-content\/Capture-d\u2019\u00e9cran-2013-07-28-\u00e0-09.47.43.png\"><img loading=\"lazy\" class=\"aligncenter size-full wp-image-10777\" alt=\"Capture d\u2019\u00e9cran 2013-07-28 \u00e0 09.47.43\" src=\"http:\/\/seletlumieretv.org\/blogue\/wp-content\/Capture-d\u2019\u00e9cran-2013-07-28-\u00e0-09.47.43.png\" width=\"610\" height=\"340\" srcset=\"https:\/\/seletlumieretv.org\/blogue\/wp-content\/Capture-d\u2019\u00e9cran-2013-07-28-\u00e0-09.47.43.png 853w, https:\/\/seletlumieretv.org\/blogue\/wp-content\/Capture-d\u2019\u00e9cran-2013-07-28-\u00e0-09.47.43-300x167.png 300w\" sizes=\"(max-width: 610px) 100vw, 610px\" \/><\/a>Donn\u00e9e le 28 juillet 2013 par le pape Fran\u00e7ois, sur la plage de Copacabana, \u00e0 Rio de Janeiro.<\/p>\n<blockquote><p>V\u00e9n\u00e9r\u00e9s fr\u00e8res dans l\u2019\u00c9piscopat et le Sacerdoce.<br \/>\nChers fr\u00e8res et s\u0153urs, chers jeunes !<\/p>\n<p>\u00ab Allez, et de toutes les nations faites des disciples \u00bb. Par ces mots, J\u00e9sus s\u2019adresse \u00e0 chacun de vous en disant : \u00ab cela a \u00e9t\u00e9 beau de participer aux Journ\u00e9es mondiales de la Jeunesse, de vivre la foi avec des jeunes provenant des quatre coins u monde, mais maintenant tu dois aller et transmettre cette exp\u00e9rience aux autres \u00bb. J\u00e9sus t\u2019appelle \u00e0 \u00eatre disciple en mission ! Aujourd\u2019hui, \u00e0 la lumi\u00e8re de la Parole de Dieu que nous avons entendue, que nous dit le Seigneur ? Trois paroles : Allez, sans peur, pour servir.<\/p>\n<p>1. Allez. Ces jours-ci, \u00e0 Rio, vous avez pu faire la belle exp\u00e9rience de rencontrer J\u00e9sus, et de le rencontrer ensemble ; vous avez senti la joie de la foi. Mais l\u2019exp\u00e9rience de cette rencontre ne peut rester renferm\u00e9e dans votre vie ou dans le petit<br \/>\ngroupe de votre paroisse, de votre mouvement, de votre communaut\u00e9. Ce serait comme priver d\u2019oxyg\u00e8ne une flamme qui br\u00fble. La foi est une flamme qui est d\u2019autant plus vivante qu\u2019elle se partage, se transmet, afin que tous puissent conna\u00eetre, aimer et professer J\u00e9sus Christ qui est le Seigneur de la vie et de l\u2019histoire (Cf. Rm10, 9).<br \/>\nCependant attention ! J\u00e9sus n\u2019a pas dit : si vous voulez, si vous avez le temps, mais : \u00ab Allez, et de toutes les nations faites des disciples \u00bb. Partager l\u2019exp\u00e9rience de la foi, t\u00e9moigner la foi, annoncer l\u2019\u00c9vangile est le mandat que le Seigneur confie \u00e0 toute l\u2019\u00c9glise, et aussi \u00e0 toi. Mais c\u2019est un commandement, qui ne vient pas d\u2019un d\u00e9sir de domination ou de pouvoir, mais de la force de l\u2019amour, du fait queJ\u00e9sus en premier est venu parmi nous etnous a donn\u00e9, non pas quelque chose de lui, mais lui-m\u00eame tout entier ; il a donn\u00e9 sa vie pour nous sauver et nous montrer l\u2019amour et la mis\u00e9ricorde de Dieu. J\u00e9sus ne nous traite pas en esclaves, mais en hommes libres, en amis, en fr\u00e8res ; et non seulement il nous envoie, mais il nous accompagne, il est toujours \u00e0 nos c\u00f4t\u00e9s dans cette mission d\u2019amour.<!--more--><br \/>\nO\u00f9 nous envoie J\u00e9sus ? Il n\u2019y a pas de fronti\u00e8res, il n\u2019y a pas de limites : il nous envoie \u00e0 tous. L\u2019\u00c9vangile est pour tous et non pour quelques uns. Il n\u2019est pas seulement pour ceux qui semblent plus proches, plus r\u00e9ceptifs, plus accueillants. Il est pour tous. N\u2019ayez pas peur d\u2019aller, et de porter le Christ en tout milieu, jusqu\u2019aux p\u00e9riph\u00e9ries existentielles, \u00e9galement \u00e0 celui qui semble plus loin, plus indiff\u00e9rent. Le Seigneur est \u00e0 la recherche de tous, il veut que tous sentent la chaleur de sa mis\u00e9ricorde et de son amour.<br \/>\nPlus particuli\u00e8rement, je voudrais que ce mandat du Christ : \u00ab Allez \u00bb r\u00e9sonne en vous, jeunes de l\u2019\u00c9glise d\u2019Am\u00e9rique Latine, engag\u00e9s dans la mission continentale promue par les \u00c9v\u00eaques. Le Br\u00e9sil, l\u2019Am\u00e9rique Latine, le monde a besoin du Christ ! Saint Paul dit : \u00ab Malheur \u00e0 moi si je n\u2019annonce pas l\u2019\u00c9vangile ! \u00bb (1 Co9, 16). Ce continent a re\u00e7u l\u2019annonce de l\u2019\u00c9vangile, qui a fait son chemin et a port\u00e9 beaucoup de fruits. Maintenant cette annonce est confi\u00e9e aussi \u00e0 vous, pour qu\u2019elle r\u00e9sonne avec une force renouvel\u00e9e. L\u2019\u00c9glise a besoin de vous, de l\u2019enthousiasme, de la cr\u00e9ativit\u00e9 et de la joie qui vous caract\u00e9risent. Un grand ap\u00f4tre du Br\u00e9sil, le bienheureux Jos\u00e9 de Anchieta, est parti en mission quand il avait seulement dix neuf ans. Savez-vous quel est le meilleur instrument pour \u00e9vang\u00e9liser les jeunes ? Un autre jeune. Voil\u00e0 la route qu\u2019il faut parcourir.<\/p>\n<p>2. Sans peur. Quelqu\u2019un pourrait penser : \u00ab je n\u2019ai aucune pr\u00e9paration sp\u00e9ciale, comment puis-je aller et annoncer l\u2019\u00c9vangile ? \u00bb Cher ami, ta peur n\u2019est pas tr\u00e8s diff\u00e9rente de celle de J\u00e9r\u00e9mie, un jeune comme vous l\u2019\u00eates, quand il a \u00e9t\u00e9 appel\u00e9 par Dieu pour \u00eatre proph\u00e8te. Nous venons d\u2019entendre ses paroles : \u00ab Oh ! Seigneur mon Dieu ! Vois donc : je ne sais pas parler, je ne suis qu\u2019un enfant \u00bb. Dieu dit, \u00e0 vous aussi, ce qu\u2019il a dit \u00e0 J\u00e9r\u00e9mie : \u00ab ne crains pas [\u2026] car je suis avec toi pour te d\u00e9livrer \u00bb (Jr1, 7.8). Il est avec nous !<br \/>\n\u00ab N\u2019aie pas peur ! \u00bb Quand nous allons annoncer le Christ, c\u2019est Lui-m\u00eame qui nous pr\u00e9c\u00e8de et nous guide. En envoyant ses disciples en mission, il a promis : \u00ab Je suis avec vous tous les jours \u00bb (Mt 28, 20). Et cela est vrai aussi pour nous ! J\u00e9sus ne nous laisse pas seuls, il ne vous laisse jamais seuls ! Il vous accompagne toujours.<br \/>\nDe plus, J\u00e9sus n\u2019a pas dit : \u00ab Va \u00bb, mais \u00ab allez \u00bb : nous sommes envoy\u00e9s ensemble. Chers jeunes, percevez la pr\u00e9sence de l\u2019\u00c9glise tout enti\u00e8re et de la communion des Saints dans cette mission. Quand nous affrontons ensemble les d\u00e9fis, alors nous sommes forts, nous d\u00e9couvrons des ressources que nous ne pensions pas avoir. J\u00e9sus n\u2019a pas appel\u00e9 les Ap\u00f4tres \u00e0 vivre isol\u00e9s, il les a appel\u00e9s pour former un groupe, une communaut\u00e9. Je voudrais m\u2019adresser aussi \u00e0 vous, chers pr\u00eatres, qui conc\u00e9l\u00e9brez avec moi cette Eucharistie : vous \u00eates venus pour accompagner vos jeunes, et cela est beau de partager cette exp\u00e9rience de foi ! Mais c\u2019est une \u00e9tape du chemin. Continuez \u00e0 les accompagner avec g\u00e9n\u00e9rosit\u00e9 et avec joie, aidez-les \u00e0 s\u2019engager activement dans l\u2019\u00c9glise ; qu\u2019ils ne se sentent jamais seuls. Et je voudrais aussi remercier de tout c\u0153ur les groupes de pastorale des jeunes, les mouvements et les communaut\u00e9s nouvelles qui accompagnent les jeunes dans leur exp\u00e9rience d&#8217;Eglise&#8230; Vous \u00eates tellement cr\u00e9atifs et tellement audacieux ! Suivez-le, et n&#8217;ayez pas peur.<\/p>\n<p>3. La derni\u00e8re parole : pour servir. Au d\u00e9but du Psaume que nous avons proclam\u00e9 il y a ces mots : \u00ab Chantez au Seigneur un chant nouveau \u00bb (95, 1). Quel est ce chant nouveau ? Ce ne sont pas des paroles, ce n\u2019est pas une m\u00e9lodie ; c\u2019est le chant de votre vie, c\u2019est le fait de laisser votre vie s\u2019identifier \u00e0 celle de J\u00e9sus, c\u2019est avoir ses sentiments, ses pens\u00e9es, ses actions. Et la vie de J\u00e9sus est une vie pour les autres. C\u2019est une vie de service.<br \/>\nSaint Paul, dans la lecture que nous venons d\u2019entendre disait : \u00ab Je me suis fait le serviteur de tous afin d\u2019en gagner le plus grand nombre possible \u00bb (1 Co9, 19). Pour annoncer J\u00e9sus, Paul s\u2019est fait\u00ab serviteur de tous \u00bb. \u00c9vang\u00e9liser, c\u2019est t\u00e9moigner en premier l\u2019amour deDieu, c\u2019est d\u00e9passer nos \u00e9go\u00efsmes, c\u2019est servir en nous inclinant pour laver les pieds de nos fr\u00e8res comme a fait J\u00e9sus.<br \/>\nAllez, sans peur, pour servir. En suivant ces trois paroles vous exp\u00e9rimenterez que celui qui \u00e9vang\u00e9lise est \u00e9vang\u00e9lis\u00e9, celui qui transmet la joie de la foi, re\u00e7oit la joie. Chers jeunes, en retournant chez vous n\u2019ayez pas peur d\u2019\u00eatre g\u00e9n\u00e9reux avec le Christ, de t\u00e9moigner de son \u00c9vangile. Dans la premi\u00e8re lecture quand Dieu envoie le proph\u00e8te J\u00e9r\u00e9mie, il lui donne pouvoir \u00ab pour arracher et abattre, pour d\u00e9molir et d\u00e9truire, pour b\u00e2tir et planter \u00bb (Jr1, 10). Il en est de m\u00eame pour vous.<br \/>\nPorter l\u2019\u00c9vangile c\u2019est porter la force de Dieu pour arracher et d\u00e9molir le mal et la violence ; pour d\u00e9truire et abattre les barri\u00e8res de l\u2019\u00e9go\u00efsme, de l\u2019intol\u00e9rance et dela haine ; pour \u00e9difier un monde nouveau.<br \/>\nJ\u00e9sus Christ compte sur vous ! L\u2019\u00c9glise compte sur vous ! Le Pape compte sur vous ! Marie, la M\u00e8re de J\u00e9sus et notre M\u00e8re vous accompagne toujours de sa tendresse : \u00ab allez et de toutes les nations faites des disciples \u00bb. Amen.<\/p><\/blockquote>\n","protected":false},"excerpt":{"rendered":"<p>Donn\u00e9e le 28 juillet 2013 par le pape Fran\u00e7ois, sur la plage de Copacabana, \u00e0 Rio de Janeiro. V\u00e9n\u00e9r\u00e9s fr\u00e8res dans l\u2019\u00c9piscopat et le Sacerdoce. Chers fr\u00e8res et s\u0153urs, chers jeunes ! \u00ab Allez, et de toutes les nations faites des disciples \u00bb. Par ces mots, J\u00e9sus s\u2019adresse \u00e0 chacun de vous en disant : [&hellip;]<\/p>\n","protected":false},"author":43,"featured_media":0,"comment_status":"open","ping_status":"open","sticky":false,"template":"","format":"standard","meta":{"_links_to":"","_links_to_target":""},"categories":[271,1187,1185],"tags":[17,1230,889],"_links":{"self":[{"href":"https:\/\/seletlumieretv.org\/blogue\/wp-json\/wp\/v2\/posts\/10770"}],"collection":[{"href":"https:\/\/seletlumieretv.org\/blogue\/wp-json\/wp\/v2\/posts"}],"about":[{"href":"https:\/\/seletlumieretv.org\/blogue\/wp-json\/wp\/v2\/types\/post"}],"author":[{"embeddable":true,"href":"https:\/\/seletlumieretv.org\/blogue\/wp-json\/wp\/v2\/users\/43"}],"replies":[{"embeddable":true,"href":"https:\/\/seletlumieretv.org\/blogue\/wp-json\/wp\/v2\/comments?post=10770"}],"version-history":[{"count":13,"href":"https:\/\/seletlumieretv.org\/blogue\/wp-json\/wp\/v2\/posts\/10770\/revisions"}],"predecessor-version":[{"id":10795,"href":"https:\/\/seletlumieretv.org\/blogue\/wp-json\/wp\/v2\/posts\/10770\/revisions\/10795"}],"wp:attachment":[{"href":"https:\/\/seletlumieretv.org\/blogue\/wp-json\/wp\/v2\/media?parent=10770"}],"wp:term":[{"taxonomy":"category","embeddable":true,"href":"https:\/\/seletlumieretv.org\/blogue\/wp-json\/wp\/v2\/categories?post=10770"},{"taxonomy":"post_tag","embeddable":true,"href":"https:\/\/seletlumieretv.org\/blogue\/wp-json\/wp\/v2\/tags?post=10770"}],"curies":[{"name":"wp","href":"https:\/\/api.w.org\/{rel}","templated":true}]}}